{"id":658,"date":"2025-06-03T09:07:17","date_gmt":"2025-06-03T07:07:17","guid":{"rendered":"http:\/\/www.abcinvoice.eu\/?p=658"},"modified":"2025-08-06T13:42:34","modified_gmt":"2025-08-06T11:42:34","slug":"presentation-dabcinvoice-eu-a-la-conference-rendezvousfm","status":"publish","type":"post","link":"https:\/\/www.abcinvoice.eu\/fr\/presentation-dabcinvoice-eu-a-la-conference-rendezvousfm\/","title":{"rendered":"Pr\u00e9sentation d&rsquo;ABCinvoice.eu \u00e0 la conf\u00e9rence RendezVous::FM"},"content":{"rendered":"\n<div class=\"wp-block-group is-nowrap is-layout-flex wp-container-core-group-is-layout-6c531013 wp-block-group-is-layout-flex\">\n<p>Quelques jours apr\u00e8s la <a href=\"https:\/\/fnfe-mpe.org\/journee-de-la-facture-electronique-2025\/\" target=\"_blank\" rel=\"noreferrer noopener\">Journ\u00e9e de la facturation \u00e9lectronique<\/a> (#JDFE) organis\u00e9e par Le Forum National de la Facture \u00c9lectronique et des March\u00e9s Publics \u00c9lectroniques (FNFE-MPE), ABCinvoice.eu participait \u00e0 la conf\u00e9rence RendezVous::FM organis\u00e9e \u00e0 Reims.<\/p>\n\n\n\n<figure class=\"wp-block-image alignright size-full is-resized\"><img fetchpriority=\"high\" decoding=\"async\" width=\"384\" height=\"185\" src=\"http:\/\/www.abcinvoice.eu\/wp-content\/uploads\/2025\/05\/cropped-logo.webp\" alt=\"\" class=\"wp-image-659\" style=\"width:214px;height:auto\" srcset=\"https:\/\/www.abcinvoice.eu\/wp-content\/uploads\/2025\/05\/cropped-logo.webp 384w, https:\/\/www.abcinvoice.eu\/wp-content\/uploads\/2025\/05\/cropped-logo-300x145.webp 300w\" sizes=\"(max-width: 384px) 100vw, 384px\" \/><\/figure>\n<\/div>\n\n\n\n<div class=\"wp-block-group is-nowrap is-layout-flex wp-container-core-group-is-layout-6c531013 wp-block-group-is-layout-flex\">\n<figure class=\"wp-block-image alignleft size-full is-resized\"><img decoding=\"async\" width=\"558\" height=\"460\" src=\"http:\/\/www.abcinvoice.eu\/wp-content\/uploads\/2025\/06\/Logo-RDV-FM-2025.png\" alt=\"\" class=\"wp-image-686\" style=\"width:113px;height:auto\" srcset=\"https:\/\/www.abcinvoice.eu\/wp-content\/uploads\/2025\/06\/Logo-RDV-FM-2025.png 558w, https:\/\/www.abcinvoice.eu\/wp-content\/uploads\/2025\/06\/Logo-RDV-FM-2025-300x247.png 300w\" sizes=\"(max-width: 558px) 100vw, 558px\" \/><\/figure>\n\n\n\n<p>C&rsquo;est devant un parterre de d\u00e9veloppeurs et d&rsquo;int\u00e9grateurs d&rsquo;ERP que nous avons pu d\u00e9voiler notre vision unique et notre proposition de valeur par rapport \u00e0 la facturation \u00e9lectronique.<\/p>\n<\/div>\n\n\n\n<p>D\u00e9couvrez en quoi ABCinvoice.eu se distingue par sa simplicit\u00e9 et sa strat\u00e9gie englobant la totalit\u00e9 des probl\u00e9matiques r\u00e9elles de la facturation d&rsquo;une entreprise, au lieu de se focaliser sur la seule partie envoi de  factures \u00e9lectroniques (qui n&rsquo;est qu&rsquo;une partie de la probl\u00e9matique)<\/p>\n\n\n\n<p>Deux versions de la vid\u00e9o de pr\u00e9sentation :<\/p>\n\n\n<style>.kt-tabs-id658_8fa3af-e5 > .kt-tabs-content-wrap > .wp-block-kadence-tab{border-top:1px solid #bcbcbc;border-right:1px solid #bcbcbc;border-bottom:1px solid #bcbcbc;border-left:1px solid #bcbcbc;border-top-left-radius:0px;border-top-right-radius:0px;border-bottom-right-radius:0px;border-bottom-left-radius:0px;padding-top:var(--global-kb-spacing-sm, 1.5rem);padding-right:var(--global-kb-spacing-sm, 1.5rem);padding-bottom:var(--global-kb-spacing-sm, 1.5rem);padding-left:var(--global-kb-spacing-sm, 1.5rem);background:var(--global-palette9, #ffffff);}.wp-block-kadence-tabs .kt-tabs-id658_8fa3af-e5 > .kt-tabs-title-list li{margin-top:0px;margin-right:8px;margin-bottom:-1px;margin-left:0px;}.wp-block-kadence-tabs .kt-tabs-id658_8fa3af-e5 > .kt-tabs-title-list li:last-child{margin-right:0px;}.wp-block-kadence-tabs .kt-tabs-id658_8fa3af-e5 > .kt-tabs-title-list li .kt-tab-title, .wp-block-kadence-tabs .kt-tabs-id658_8fa3af-e5 > .kt-tabs-content-wrap > .kt-tabs-accordion-title .kt-tab-title{line-height:1.4em;font-weight:regular;font-style:normal;border-top-width:1px;border-right-width:1px;border-bottom-width:0px;border-left-width:1px;border-top-left-radius:4px;border-top-right-radius:4px;border-bottom-right-radius:0px;border-bottom-left-radius:0px;padding-top:8px;padding-right:20px;padding-bottom:8px;padding-left:20px;border-color:var(--global-palette7, #eeeeee);color:var(--global-palette5, #444444);background:var(--global-palette9, #ffffff);}.wp-block-kadence-tabs .kt-tabs-id658_8fa3af-e5 > .kt-tabs-content-wrap > .kt-tabs-accordion-title .kt-tab-title{margin-top:0px;margin-right:8px;margin-bottom:-1px;margin-left:0px;}.wp-block-kadence-tabs .kt-tabs-id658_8fa3af-e5 > .kt-tabs-title-list li .kt-tab-title:hover, .wp-block-kadence-tabs .kt-tabs-id658_8fa3af-e5 > .kt-tabs-content-wrap > .kt-tabs-accordion-title .kt-tab-title:hover{border-color:var(--global-palette8, #F7FAFC);color:var(--global-palette5, #444444);background:var(--global-palette9, #ffffff);}.wp-block-kadence-tabs .kt-tabs-id658_8fa3af-e5 > .kt-tabs-title-list li.kt-tab-title-active .kt-tab-title, .wp-block-kadence-tabs .kt-tabs-id658_8fa3af-e5 > .kt-tabs-content-wrap > .kt-tabs-accordion-title.kt-tab-title-active .kt-tab-title{border-color:#bcbcbc;color:var(--global-palette5, #444444);background:var(--global-palette9, #ffffff);}@media all and (max-width: 1024px){.kt-tabs-id658_8fa3af-e5 > .kt-tabs-content-wrap > .wp-block-kadence-tab{border-top:1px solid #bcbcbc;border-right:1px solid #bcbcbc;border-bottom:1px solid #bcbcbc;border-left:1px solid #bcbcbc;}}@media all and (max-width: 767px){.kt-tabs-id658_8fa3af-e5 > .kt-tabs-content-wrap > .wp-block-kadence-tab{border-top:1px solid #bcbcbc;border-right:1px solid #bcbcbc;border-bottom:1px solid #bcbcbc;border-left:1px solid #bcbcbc;}}<\/style>\n<div class=\"wp-block-kadence-tabs alignnone\"><div class=\"kt-tabs-wrap kt-tabs-id658_8fa3af-e5 kt-tabs-has-2-tabs kt-active-tab-1 kt-tabs-layout-tabs kt-tabs-tablet-layout-inherit kt-tabs-mobile-layout-inherit kt-tab-alignment-left \"><ul class=\"kt-tabs-title-list\"><li id=\"tab-pourlesdveloppeursetintgrateurs\" class=\"kt-title-item kt-title-item-1 kt-tabs-svg-show-always kt-tabs-icon-side-right kt-tab-title-active\"><a href=\"#tab-pourlesdveloppeursetintgrateurs\" data-tab=\"1\" class=\"kt-tab-title kt-tab-title-1 \"><span class=\"kt-title-text\">Pour les d\u00e9veloppeurs et int\u00e9grateurs<\/span><\/a><\/li><li id=\"tab-pourlerestedumonde\" class=\"kt-title-item kt-title-item-2 kt-tabs-svg-show-always kt-tabs-icon-side-right kt-tab-title-inactive\"><a href=\"#tab-pourlerestedumonde\" data-tab=\"2\" class=\"kt-tab-title kt-tab-title-2 \"><span class=\"kt-title-text\">Pour le reste du monde \ud83d\ude42<\/span><\/a><\/li><\/ul><div class=\"kt-tabs-content-wrap\">\n<div class=\"wp-block-kadence-tab kt-tab-inner-content kt-inner-tab-1 kt-inner-tab874985-b8\"><div class=\"kt-tab-inner-content-inner\">\n<figure class=\"wp-block-embed is-type-video is-provider-vimeo wp-block-embed-vimeo wp-embed-aspect-16-9 wp-has-aspect-ratio\"><div class=\"wp-block-embed__wrapper\">\n<iframe title=\"RendezVous::FM[2025]: introduction de ABCinvoice.eu aux d\u00e9veloppeurs FileMaker\" src=\"https:\/\/player.vimeo.com\/video\/1086771893?dnt=1&amp;app_id=122963\" width=\"800\" height=\"450\" frameborder=\"0\" allow=\"autoplay; fullscreen; picture-in-picture; clipboard-write; encrypted-media; web-share\" referrerpolicy=\"strict-origin-when-cross-origin\"><\/iframe>\n<\/div><\/figure>\n<\/div><\/div>\n\n\n\n<div class=\"wp-block-kadence-tab kt-tab-inner-content kt-inner-tab-2 kt-inner-tab1a0e9e-d0\"><div class=\"kt-tab-inner-content-inner\">\n<figure class=\"wp-block-embed is-type-video is-provider-vimeo wp-block-embed-vimeo wp-embed-aspect-16-9 wp-has-aspect-ratio\"><div class=\"wp-block-embed__wrapper\">\n<iframe title=\"ABCinvoice.eu RendezVous::FM\" src=\"https:\/\/player.vimeo.com\/video\/1087627419?dnt=1&amp;app_id=122963\" width=\"800\" height=\"450\" frameborder=\"0\" allow=\"autoplay; fullscreen; picture-in-picture; clipboard-write; encrypted-media; web-share\" referrerpolicy=\"strict-origin-when-cross-origin\"><\/iframe>\n<\/div><\/figure>\n<\/div><\/div>\n<\/div><\/div><\/div>\n\n\n\n<p><\/p>\n","protected":false},"excerpt":{"rendered":"<p>Quelques jours apr\u00e8s la Journ\u00e9e de la facturation \u00e9lectronique (#JDFE) organis\u00e9e par Le Forum National de la Facture \u00c9lectronique et des March\u00e9s Publics \u00c9lectroniques (FNFE-MPE), ABCinvoice.eu participait \u00e0 la conf\u00e9rence RendezVous::FM organis\u00e9e \u00e0 Reims. C&rsquo;est devant un parterre de d\u00e9veloppeurs et d&rsquo;int\u00e9grateurs d&rsquo;ERP que nous avons pu d\u00e9voiler notre vision unique et notre proposition de [&hellip;]<\/p>\n","protected":false},"author":3,"featured_media":2629,"comment_status":"closed","ping_status":"open","sticky":false,"template":"","format":"standard","meta":{"_jetpack_memberships_contains_paid_content":false,"footnotes":""},"categories":[34],"tags":[],"class_list":["post-658","post","type-post","status-publish","format-standard","has-post-thumbnail","hentry","category-evenements"],"yoast_head":"<!-- This site is optimized with the Yoast SEO plugin v27.5 - https:\/\/yoast.com\/product\/yoast-seo-wordpress\/ -->\n<title>Pr\u00e9sentation d&#039;ABCinvoice.eu \u00e0 la conf\u00e9rence RendezVous::FM - ABCinvoice.eu<\/title>\n<meta name=\"robots\" content=\"index, follow, max-snippet:-1, max-image-preview:large, max-video-preview:-1\" \/>\n<link rel=\"canonical\" href=\"https:\/\/www.abcinvoice.eu\/fr\/presentation-dabcinvoice-eu-a-la-conference-rendezvousfm\/\" \/>\n<meta property=\"og:locale\" content=\"fr_FR\" \/>\n<meta property=\"og:type\" content=\"article\" \/>\n<meta property=\"og:title\" content=\"Pr\u00e9sentation d&#039;ABCinvoice.eu \u00e0 la conf\u00e9rence RendezVous::FM - ABCinvoice.eu\" \/>\n<meta property=\"og:description\" content=\"Quelques jours apr\u00e8s la Journ\u00e9e de la facturation \u00e9lectronique (#JDFE) organis\u00e9e par Le Forum National de la Facture \u00c9lectronique et des March\u00e9s Publics \u00c9lectroniques (FNFE-MPE), ABCinvoice.eu participait \u00e0 la conf\u00e9rence RendezVous::FM organis\u00e9e \u00e0 Reims. C&rsquo;est devant un parterre de d\u00e9veloppeurs et d&rsquo;int\u00e9grateurs d&rsquo;ERP que nous avons pu d\u00e9voiler notre vision unique et notre proposition de [&hellip;]\" \/>\n<meta property=\"og:url\" content=\"https:\/\/www.abcinvoice.eu\/fr\/presentation-dabcinvoice-eu-a-la-conference-rendezvousfm\/\" \/>\n<meta property=\"og:site_name\" content=\"ABCinvoice.eu\" \/>\n<meta property=\"article:published_time\" content=\"2025-06-03T07:07:17+00:00\" \/>\n<meta property=\"article:modified_time\" content=\"2025-08-06T11:42:34+00:00\" \/>\n<meta property=\"og:image\" content=\"https:\/\/www.abcinvoice.eu\/wp-content\/uploads\/2025\/06\/Capture-decran-2025-07-29-a-15.06.34-scaled.png\" \/>\n\t<meta property=\"og:image:width\" content=\"2560\" \/>\n\t<meta property=\"og:image:height\" content=\"1439\" \/>\n\t<meta property=\"og:image:type\" content=\"image\/png\" \/>\n<meta name=\"author\" content=\"ABCinvoice\" \/>\n<meta name=\"twitter:card\" content=\"summary_large_image\" \/>\n<meta name=\"twitter:label1\" content=\"\u00c9crit par\" \/>\n\t<meta name=\"twitter:data1\" content=\"ABCinvoice\" \/>\n\t<meta name=\"twitter:label2\" content=\"Dur\u00e9e de lecture estim\u00e9e\" \/>\n\t<meta name=\"twitter:data2\" content=\"2 minutes\" \/>\n<script type=\"application\/ld+json\" class=\"yoast-schema-graph\">{\"@context\":\"https:\\\/\\\/schema.org\",\"@graph\":[{\"@type\":\"Article\",\"@id\":\"https:\\\/\\\/www.abcinvoice.eu\\\/fr\\\/presentation-dabcinvoice-eu-a-la-conference-rendezvousfm\\\/#article\",\"isPartOf\":{\"@id\":\"https:\\\/\\\/www.abcinvoice.eu\\\/fr\\\/presentation-dabcinvoice-eu-a-la-conference-rendezvousfm\\\/\"},\"author\":{\"name\":\"ABCinvoice\",\"@id\":\"https:\\\/\\\/www.abcinvoice.eu\\\/fr\\\/#\\\/schema\\\/person\\\/1d28d943cfad638d2444954753dcc667\"},\"headline\":\"Pr\u00e9sentation d&rsquo;ABCinvoice.eu \u00e0 la conf\u00e9rence RendezVous::FM\",\"datePublished\":\"2025-06-03T07:07:17+00:00\",\"dateModified\":\"2025-08-06T11:42:34+00:00\",\"mainEntityOfPage\":{\"@id\":\"https:\\\/\\\/www.abcinvoice.eu\\\/fr\\\/presentation-dabcinvoice-eu-a-la-conference-rendezvousfm\\\/\"},\"wordCount\":162,\"publisher\":{\"@id\":\"https:\\\/\\\/www.abcinvoice.eu\\\/fr\\\/#organization\"},\"image\":{\"@id\":\"https:\\\/\\\/www.abcinvoice.eu\\\/fr\\\/presentation-dabcinvoice-eu-a-la-conference-rendezvousfm\\\/#primaryimage\"},\"thumbnailUrl\":\"https:\\\/\\\/www.abcinvoice.eu\\\/wp-content\\\/uploads\\\/2025\\\/06\\\/Capture-decran-2025-07-29-a-15.06.34-scaled.png\",\"articleSection\":[\"\u00c9v\u00e9nements\"],\"inLanguage\":\"fr-FR\"},{\"@type\":\"WebPage\",\"@id\":\"https:\\\/\\\/www.abcinvoice.eu\\\/fr\\\/presentation-dabcinvoice-eu-a-la-conference-rendezvousfm\\\/\",\"url\":\"https:\\\/\\\/www.abcinvoice.eu\\\/fr\\\/presentation-dabcinvoice-eu-a-la-conference-rendezvousfm\\\/\",\"name\":\"Pr\u00e9sentation d'ABCinvoice.eu \u00e0 la conf\u00e9rence RendezVous::FM - ABCinvoice.eu\",\"isPartOf\":{\"@id\":\"https:\\\/\\\/www.abcinvoice.eu\\\/fr\\\/#website\"},\"primaryImageOfPage\":{\"@id\":\"https:\\\/\\\/www.abcinvoice.eu\\\/fr\\\/presentation-dabcinvoice-eu-a-la-conference-rendezvousfm\\\/#primaryimage\"},\"image\":{\"@id\":\"https:\\\/\\\/www.abcinvoice.eu\\\/fr\\\/presentation-dabcinvoice-eu-a-la-conference-rendezvousfm\\\/#primaryimage\"},\"thumbnailUrl\":\"https:\\\/\\\/www.abcinvoice.eu\\\/wp-content\\\/uploads\\\/2025\\\/06\\\/Capture-decran-2025-07-29-a-15.06.34-scaled.png\",\"datePublished\":\"2025-06-03T07:07:17+00:00\",\"dateModified\":\"2025-08-06T11:42:34+00:00\",\"breadcrumb\":{\"@id\":\"https:\\\/\\\/www.abcinvoice.eu\\\/fr\\\/presentation-dabcinvoice-eu-a-la-conference-rendezvousfm\\\/#breadcrumb\"},\"inLanguage\":\"fr-FR\",\"potentialAction\":[{\"@type\":\"ReadAction\",\"target\":[\"https:\\\/\\\/www.abcinvoice.eu\\\/fr\\\/presentation-dabcinvoice-eu-a-la-conference-rendezvousfm\\\/\"]}]},{\"@type\":\"ImageObject\",\"inLanguage\":\"fr-FR\",\"@id\":\"https:\\\/\\\/www.abcinvoice.eu\\\/fr\\\/presentation-dabcinvoice-eu-a-la-conference-rendezvousfm\\\/#primaryimage\",\"url\":\"https:\\\/\\\/www.abcinvoice.eu\\\/wp-content\\\/uploads\\\/2025\\\/06\\\/Capture-decran-2025-07-29-a-15.06.34-scaled.png\",\"contentUrl\":\"https:\\\/\\\/www.abcinvoice.eu\\\/wp-content\\\/uploads\\\/2025\\\/06\\\/Capture-decran-2025-07-29-a-15.06.34-scaled.png\",\"width\":2560,\"height\":1439},{\"@type\":\"BreadcrumbList\",\"@id\":\"https:\\\/\\\/www.abcinvoice.eu\\\/fr\\\/presentation-dabcinvoice-eu-a-la-conference-rendezvousfm\\\/#breadcrumb\",\"itemListElement\":[{\"@type\":\"ListItem\",\"position\":1,\"name\":\"Accueil\",\"item\":\"https:\\\/\\\/www.abcinvoice.eu\\\/fr\\\/\"},{\"@type\":\"ListItem\",\"position\":2,\"name\":\"Pr\u00e9sentation d&rsquo;ABCinvoice.eu \u00e0 la conf\u00e9rence RendezVous::FM\"}]},{\"@type\":\"WebSite\",\"@id\":\"https:\\\/\\\/www.abcinvoice.eu\\\/fr\\\/#website\",\"url\":\"https:\\\/\\\/www.abcinvoice.eu\\\/fr\\\/\",\"name\":\"ABCinvoice.eu\",\"description\":\"La facturation \u00e9lectronique facile\",\"publisher\":{\"@id\":\"https:\\\/\\\/www.abcinvoice.eu\\\/fr\\\/#organization\"},\"potentialAction\":[{\"@type\":\"SearchAction\",\"target\":{\"@type\":\"EntryPoint\",\"urlTemplate\":\"https:\\\/\\\/www.abcinvoice.eu\\\/fr\\\/?s={search_term_string}\"},\"query-input\":{\"@type\":\"PropertyValueSpecification\",\"valueRequired\":true,\"valueName\":\"search_term_string\"}}],\"inLanguage\":\"fr-FR\"},{\"@type\":\"Organization\",\"@id\":\"https:\\\/\\\/www.abcinvoice.eu\\\/fr\\\/#organization\",\"name\":\"ABCinvoice.eu\",\"url\":\"https:\\\/\\\/www.abcinvoice.eu\\\/fr\\\/\",\"logo\":{\"@type\":\"ImageObject\",\"inLanguage\":\"fr-FR\",\"@id\":\"https:\\\/\\\/www.abcinvoice.eu\\\/fr\\\/#\\\/schema\\\/logo\\\/image\\\/\",\"url\":\"https:\\\/\\\/www.abcinvoice.eu\\\/wp-content\\\/uploads\\\/2025\\\/06\\\/Fichier-101@2x.png\",\"contentUrl\":\"https:\\\/\\\/www.abcinvoice.eu\\\/wp-content\\\/uploads\\\/2025\\\/06\\\/Fichier-101@2x.png\",\"width\":1234,\"height\":155,\"caption\":\"ABCinvoice.eu\"},\"image\":{\"@id\":\"https:\\\/\\\/www.abcinvoice.eu\\\/fr\\\/#\\\/schema\\\/logo\\\/image\\\/\"}},{\"@type\":\"Person\",\"@id\":\"https:\\\/\\\/www.abcinvoice.eu\\\/fr\\\/#\\\/schema\\\/person\\\/1d28d943cfad638d2444954753dcc667\",\"name\":\"ABCinvoice\",\"image\":{\"@type\":\"ImageObject\",\"inLanguage\":\"fr-FR\",\"@id\":\"https:\\\/\\\/secure.gravatar.com\\\/avatar\\\/2496994647e21e955bac5cb71b6f1dd11a324ce75f23cad98e63784a7240b337?s=96&d=mm&r=g\",\"url\":\"https:\\\/\\\/secure.gravatar.com\\\/avatar\\\/2496994647e21e955bac5cb71b6f1dd11a324ce75f23cad98e63784a7240b337?s=96&d=mm&r=g\",\"contentUrl\":\"https:\\\/\\\/secure.gravatar.com\\\/avatar\\\/2496994647e21e955bac5cb71b6f1dd11a324ce75f23cad98e63784a7240b337?s=96&d=mm&r=g\",\"caption\":\"ABCinvoice\"},\"url\":\"https:\\\/\\\/www.abcinvoice.eu\\\/fr\\\/author\\\/aurelie\\\/\"}]}<\/script>\n<!-- \/ Yoast SEO plugin. -->","yoast_head_json":{"title":"Pr\u00e9sentation d'ABCinvoice.eu \u00e0 la conf\u00e9rence RendezVous::FM - ABCinvoice.eu","robots":{"index":"index","follow":"follow","max-snippet":"max-snippet:-1","max-image-preview":"max-image-preview:large","max-video-preview":"max-video-preview:-1"},"canonical":"https:\/\/www.abcinvoice.eu\/fr\/presentation-dabcinvoice-eu-a-la-conference-rendezvousfm\/","og_locale":"fr_FR","og_type":"article","og_title":"Pr\u00e9sentation d'ABCinvoice.eu \u00e0 la conf\u00e9rence RendezVous::FM - ABCinvoice.eu","og_description":"Quelques jours apr\u00e8s la Journ\u00e9e de la facturation \u00e9lectronique (#JDFE) organis\u00e9e par Le Forum National de la Facture \u00c9lectronique et des March\u00e9s Publics \u00c9lectroniques (FNFE-MPE), ABCinvoice.eu participait \u00e0 la conf\u00e9rence RendezVous::FM organis\u00e9e \u00e0 Reims. C&rsquo;est devant un parterre de d\u00e9veloppeurs et d&rsquo;int\u00e9grateurs d&rsquo;ERP que nous avons pu d\u00e9voiler notre vision unique et notre proposition de [&hellip;]","og_url":"https:\/\/www.abcinvoice.eu\/fr\/presentation-dabcinvoice-eu-a-la-conference-rendezvousfm\/","og_site_name":"ABCinvoice.eu","article_published_time":"2025-06-03T07:07:17+00:00","article_modified_time":"2025-08-06T11:42:34+00:00","og_image":[{"width":2560,"height":1439,"url":"https:\/\/www.abcinvoice.eu\/wp-content\/uploads\/2025\/06\/Capture-decran-2025-07-29-a-15.06.34-scaled.png","type":"image\/png"}],"author":"ABCinvoice","twitter_card":"summary_large_image","twitter_misc":{"\u00c9crit par":"ABCinvoice","Dur\u00e9e de lecture estim\u00e9e":"2 minutes"},"schema":{"@context":"https:\/\/schema.org","@graph":[{"@type":"Article","@id":"https:\/\/www.abcinvoice.eu\/fr\/presentation-dabcinvoice-eu-a-la-conference-rendezvousfm\/#article","isPartOf":{"@id":"https:\/\/www.abcinvoice.eu\/fr\/presentation-dabcinvoice-eu-a-la-conference-rendezvousfm\/"},"author":{"name":"ABCinvoice","@id":"https:\/\/www.abcinvoice.eu\/fr\/#\/schema\/person\/1d28d943cfad638d2444954753dcc667"},"headline":"Pr\u00e9sentation d&rsquo;ABCinvoice.eu \u00e0 la conf\u00e9rence RendezVous::FM","datePublished":"2025-06-03T07:07:17+00:00","dateModified":"2025-08-06T11:42:34+00:00","mainEntityOfPage":{"@id":"https:\/\/www.abcinvoice.eu\/fr\/presentation-dabcinvoice-eu-a-la-conference-rendezvousfm\/"},"wordCount":162,"publisher":{"@id":"https:\/\/www.abcinvoice.eu\/fr\/#organization"},"image":{"@id":"https:\/\/www.abcinvoice.eu\/fr\/presentation-dabcinvoice-eu-a-la-conference-rendezvousfm\/#primaryimage"},"thumbnailUrl":"https:\/\/www.abcinvoice.eu\/wp-content\/uploads\/2025\/06\/Capture-decran-2025-07-29-a-15.06.34-scaled.png","articleSection":["\u00c9v\u00e9nements"],"inLanguage":"fr-FR"},{"@type":"WebPage","@id":"https:\/\/www.abcinvoice.eu\/fr\/presentation-dabcinvoice-eu-a-la-conference-rendezvousfm\/","url":"https:\/\/www.abcinvoice.eu\/fr\/presentation-dabcinvoice-eu-a-la-conference-rendezvousfm\/","name":"Pr\u00e9sentation d'ABCinvoice.eu \u00e0 la conf\u00e9rence RendezVous::FM - ABCinvoice.eu","isPartOf":{"@id":"https:\/\/www.abcinvoice.eu\/fr\/#website"},"primaryImageOfPage":{"@id":"https:\/\/www.abcinvoice.eu\/fr\/presentation-dabcinvoice-eu-a-la-conference-rendezvousfm\/#primaryimage"},"image":{"@id":"https:\/\/www.abcinvoice.eu\/fr\/presentation-dabcinvoice-eu-a-la-conference-rendezvousfm\/#primaryimage"},"thumbnailUrl":"https:\/\/www.abcinvoice.eu\/wp-content\/uploads\/2025\/06\/Capture-decran-2025-07-29-a-15.06.34-scaled.png","datePublished":"2025-06-03T07:07:17+00:00","dateModified":"2025-08-06T11:42:34+00:00","breadcrumb":{"@id":"https:\/\/www.abcinvoice.eu\/fr\/presentation-dabcinvoice-eu-a-la-conference-rendezvousfm\/#breadcrumb"},"inLanguage":"fr-FR","potentialAction":[{"@type":"ReadAction","target":["https:\/\/www.abcinvoice.eu\/fr\/presentation-dabcinvoice-eu-a-la-conference-rendezvousfm\/"]}]},{"@type":"ImageObject","inLanguage":"fr-FR","@id":"https:\/\/www.abcinvoice.eu\/fr\/presentation-dabcinvoice-eu-a-la-conference-rendezvousfm\/#primaryimage","url":"https:\/\/www.abcinvoice.eu\/wp-content\/uploads\/2025\/06\/Capture-decran-2025-07-29-a-15.06.34-scaled.png","contentUrl":"https:\/\/www.abcinvoice.eu\/wp-content\/uploads\/2025\/06\/Capture-decran-2025-07-29-a-15.06.34-scaled.png","width":2560,"height":1439},{"@type":"BreadcrumbList","@id":"https:\/\/www.abcinvoice.eu\/fr\/presentation-dabcinvoice-eu-a-la-conference-rendezvousfm\/#breadcrumb","itemListElement":[{"@type":"ListItem","position":1,"name":"Accueil","item":"https:\/\/www.abcinvoice.eu\/fr\/"},{"@type":"ListItem","position":2,"name":"Pr\u00e9sentation d&rsquo;ABCinvoice.eu \u00e0 la conf\u00e9rence RendezVous::FM"}]},{"@type":"WebSite","@id":"https:\/\/www.abcinvoice.eu\/fr\/#website","url":"https:\/\/www.abcinvoice.eu\/fr\/","name":"ABCinvoice.eu","description":"La facturation \u00e9lectronique facile","publisher":{"@id":"https:\/\/www.abcinvoice.eu\/fr\/#organization"},"potentialAction":[{"@type":"SearchAction","target":{"@type":"EntryPoint","urlTemplate":"https:\/\/www.abcinvoice.eu\/fr\/?s={search_term_string}"},"query-input":{"@type":"PropertyValueSpecification","valueRequired":true,"valueName":"search_term_string"}}],"inLanguage":"fr-FR"},{"@type":"Organization","@id":"https:\/\/www.abcinvoice.eu\/fr\/#organization","name":"ABCinvoice.eu","url":"https:\/\/www.abcinvoice.eu\/fr\/","logo":{"@type":"ImageObject","inLanguage":"fr-FR","@id":"https:\/\/www.abcinvoice.eu\/fr\/#\/schema\/logo\/image\/","url":"https:\/\/www.abcinvoice.eu\/wp-content\/uploads\/2025\/06\/Fichier-101@2x.png","contentUrl":"https:\/\/www.abcinvoice.eu\/wp-content\/uploads\/2025\/06\/Fichier-101@2x.png","width":1234,"height":155,"caption":"ABCinvoice.eu"},"image":{"@id":"https:\/\/www.abcinvoice.eu\/fr\/#\/schema\/logo\/image\/"}},{"@type":"Person","@id":"https:\/\/www.abcinvoice.eu\/fr\/#\/schema\/person\/1d28d943cfad638d2444954753dcc667","name":"ABCinvoice","image":{"@type":"ImageObject","inLanguage":"fr-FR","@id":"https:\/\/secure.gravatar.com\/avatar\/2496994647e21e955bac5cb71b6f1dd11a324ce75f23cad98e63784a7240b337?s=96&d=mm&r=g","url":"https:\/\/secure.gravatar.com\/avatar\/2496994647e21e955bac5cb71b6f1dd11a324ce75f23cad98e63784a7240b337?s=96&d=mm&r=g","contentUrl":"https:\/\/secure.gravatar.com\/avatar\/2496994647e21e955bac5cb71b6f1dd11a324ce75f23cad98e63784a7240b337?s=96&d=mm&r=g","caption":"ABCinvoice"},"url":"https:\/\/www.abcinvoice.eu\/fr\/author\/aurelie\/"}]}},"jetpack_featured_media_url":"https:\/\/www.abcinvoice.eu\/wp-content\/uploads\/2025\/06\/Capture-decran-2025-07-29-a-15.06.34-scaled.png","jetpack_sharing_enabled":true,"_links":{"self":[{"href":"https:\/\/www.abcinvoice.eu\/fr\/wp-json\/wp\/v2\/posts\/658","targetHints":{"allow":["GET"]}}],"collection":[{"href":"https:\/\/www.abcinvoice.eu\/fr\/wp-json\/wp\/v2\/posts"}],"about":[{"href":"https:\/\/www.abcinvoice.eu\/fr\/wp-json\/wp\/v2\/types\/post"}],"author":[{"embeddable":true,"href":"https:\/\/www.abcinvoice.eu\/fr\/wp-json\/wp\/v2\/users\/3"}],"replies":[{"embeddable":true,"href":"https:\/\/www.abcinvoice.eu\/fr\/wp-json\/wp\/v2\/comments?post=658"}],"version-history":[{"count":2,"href":"https:\/\/www.abcinvoice.eu\/fr\/wp-json\/wp\/v2\/posts\/658\/revisions"}],"predecessor-version":[{"id":689,"href":"https:\/\/www.abcinvoice.eu\/fr\/wp-json\/wp\/v2\/posts\/658\/revisions\/689"}],"wp:featuredmedia":[{"embeddable":true,"href":"https:\/\/www.abcinvoice.eu\/fr\/wp-json\/wp\/v2\/media\/2629"}],"wp:attachment":[{"href":"https:\/\/www.abcinvoice.eu\/fr\/wp-json\/wp\/v2\/media?parent=658"}],"wp:term":[{"taxonomy":"category","embeddable":true,"href":"https:\/\/www.abcinvoice.eu\/fr\/wp-json\/wp\/v2\/categories?post=658"},{"taxonomy":"post_tag","embeddable":true,"href":"https:\/\/www.abcinvoice.eu\/fr\/wp-json\/wp\/v2\/tags?post=658"}],"curies":[{"name":"wp","href":"https:\/\/api.w.org\/{rel}","templated":true}]}}