{"id":552,"date":"2025-05-12T17:57:27","date_gmt":"2025-05-12T15:57:27","guid":{"rendered":"http:\/\/www.abcinvoice.eu\/?p=552"},"modified":"2025-08-06T13:42:34","modified_gmt":"2025-08-06T11:42:34","slug":"evenement-journee-de-la-facturation-electronique-2025","status":"publish","type":"post","link":"https:\/\/www.abcinvoice.eu\/fr\/evenement-journee-de-la-facturation-electronique-2025\/","title":{"rendered":"\u00c9v\u00e9nement : Journ\u00e9e de la facturation \u00e9lectronique 2025"},"content":{"rendered":"\n<p>Organis\u00e9e par le <a href=\"https:\/\/fnfe-mpe.org\/\" target=\"_blank\" rel=\"noreferrer noopener\">Forum National de la Facture \u00c9lectronique et des March\u00e9s Publics \u00c9lectroniques (FNFE-MPE)<\/a>, cette journ\u00e9e r\u00e9unira les acteurs de la facturation \u00e9lectronique ainsi que les entreprises en qu\u00eate d&rsquo;informations et de services fiables.<\/p>\n\n\n\n<p>L&rsquo;\u00e9v\u00e9nement aura lieu le 13 mai 2025 \u00e0 partir de 8h au Palais Brogniart (Bourse de Paris).<\/p>\n\n\n\n<p>ABCinvoice.eu sera bien entendu pr\u00e9sent. N&rsquo;h\u00e9sitez pas \u00e0 prendre rendez-vous avec nous via <a href=\"https:\/\/www.abcinvoice.eu\/fr\/contact\/\" data-type=\"page\" data-id=\"425\">notre formulaire de contact.<\/a> <strong>(Pour nous trouver dans l&rsquo;app ConnexMe, cherchez \u00ab\u00a01-more-thing\u00a0\u00bb, du nom de notre soci\u00e9t\u00e9-m\u00e8re)<\/strong>.<\/p>\n\n\n\n<p><\/p>\n","protected":false},"excerpt":{"rendered":"<p>Organis\u00e9e par le Forum National de la Facture \u00c9lectronique et des March\u00e9s Publics \u00c9lectroniques (FNFE-MPE), cette journ\u00e9e r\u00e9unira les acteurs de la facturation \u00e9lectronique ainsi que les entreprises en qu\u00eate d&rsquo;informations et de services fiables. L&rsquo;\u00e9v\u00e9nement aura lieu le 13 mai 2025 \u00e0 partir de 8h au Palais Brogniart (Bourse de Paris). ABCinvoice.eu sera bien [&hellip;]<\/p>\n","protected":false},"author":2,"featured_media":553,"comment_status":"closed","ping_status":"open","sticky":false,"template":"","format":"standard","meta":{"_jetpack_memberships_contains_paid_content":false,"footnotes":""},"categories":[34],"tags":[26,35],"class_list":["post-552","post","type-post","status-publish","format-standard","has-post-thumbnail","hentry","category-evenements","tag-calendrier","tag-sponsoring"],"yoast_head":"<!-- This site is optimized with the Yoast SEO plugin v27.5 - https:\/\/yoast.com\/product\/yoast-seo-wordpress\/ -->\n<title>\u00c9v\u00e9nement : Journ\u00e9e de la facturation \u00e9lectronique 2025 - ABCinvoice.eu<\/title>\n<meta name=\"robots\" content=\"index, follow, max-snippet:-1, max-image-preview:large, max-video-preview:-1\" \/>\n<link rel=\"canonical\" href=\"https:\/\/www.abcinvoice.eu\/fr\/evenement-journee-de-la-facturation-electronique-2025\/\" \/>\n<meta property=\"og:locale\" content=\"fr_FR\" \/>\n<meta property=\"og:type\" content=\"article\" \/>\n<meta property=\"og:title\" content=\"\u00c9v\u00e9nement : Journ\u00e9e de la facturation \u00e9lectronique 2025 - ABCinvoice.eu\" \/>\n<meta property=\"og:description\" content=\"Organis\u00e9e par le Forum National de la Facture \u00c9lectronique et des March\u00e9s Publics \u00c9lectroniques (FNFE-MPE), cette journ\u00e9e r\u00e9unira les acteurs de la facturation \u00e9lectronique ainsi que les entreprises en qu\u00eate d&rsquo;informations et de services fiables. L&rsquo;\u00e9v\u00e9nement aura lieu le 13 mai 2025 \u00e0 partir de 8h au Palais Brogniart (Bourse de Paris). ABCinvoice.eu sera bien [&hellip;]\" \/>\n<meta property=\"og:url\" content=\"https:\/\/www.abcinvoice.eu\/fr\/evenement-journee-de-la-facturation-electronique-2025\/\" \/>\n<meta property=\"og:site_name\" content=\"ABCinvoice.eu\" \/>\n<meta property=\"article:published_time\" content=\"2025-05-12T15:57:27+00:00\" \/>\n<meta property=\"article:modified_time\" content=\"2025-08-06T11:42:34+00:00\" \/>\n<meta property=\"og:image\" content=\"https:\/\/www.abcinvoice.eu\/wp-content\/uploads\/2025\/05\/cropped-JFE_Affiche-horizontale_titre_ombres-portees-scaled-1.jpg\" \/>\n\t<meta property=\"og:image:width\" content=\"1500\" \/>\n\t<meta property=\"og:image:height\" content=\"842\" \/>\n\t<meta property=\"og:image:type\" content=\"image\/jpeg\" \/>\n<meta name=\"author\" content=\"fabrice\" \/>\n<meta name=\"twitter:card\" content=\"summary_large_image\" \/>\n<meta name=\"twitter:label1\" content=\"\u00c9crit par\" \/>\n\t<meta name=\"twitter:data1\" content=\"fabrice\" \/>\n<script type=\"application\/ld+json\" class=\"yoast-schema-graph\">{\"@context\":\"https:\\\/\\\/schema.org\",\"@graph\":[{\"@type\":\"Article\",\"@id\":\"https:\\\/\\\/www.abcinvoice.eu\\\/fr\\\/evenement-journee-de-la-facturation-electronique-2025\\\/#article\",\"isPartOf\":{\"@id\":\"https:\\\/\\\/www.abcinvoice.eu\\\/fr\\\/evenement-journee-de-la-facturation-electronique-2025\\\/\"},\"author\":{\"name\":\"fabrice\",\"@id\":\"https:\\\/\\\/www.abcinvoice.eu\\\/fr\\\/#\\\/schema\\\/person\\\/8cc50ff6bbe232d20dd0addbb4cd3ba5\"},\"headline\":\"\u00c9v\u00e9nement : Journ\u00e9e de la facturation \u00e9lectronique 2025\",\"datePublished\":\"2025-05-12T15:57:27+00:00\",\"dateModified\":\"2025-08-06T11:42:34+00:00\",\"mainEntityOfPage\":{\"@id\":\"https:\\\/\\\/www.abcinvoice.eu\\\/fr\\\/evenement-journee-de-la-facturation-electronique-2025\\\/\"},\"wordCount\":102,\"publisher\":{\"@id\":\"https:\\\/\\\/www.abcinvoice.eu\\\/fr\\\/#organization\"},\"image\":{\"@id\":\"https:\\\/\\\/www.abcinvoice.eu\\\/fr\\\/evenement-journee-de-la-facturation-electronique-2025\\\/#primaryimage\"},\"thumbnailUrl\":\"https:\\\/\\\/www.abcinvoice.eu\\\/wp-content\\\/uploads\\\/2025\\\/05\\\/cropped-JFE_Affiche-horizontale_titre_ombres-portees-scaled-1.jpg\",\"keywords\":[\"calendrier\",\"sponsoring\"],\"articleSection\":[\"\u00c9v\u00e9nements\"],\"inLanguage\":\"fr-FR\"},{\"@type\":\"WebPage\",\"@id\":\"https:\\\/\\\/www.abcinvoice.eu\\\/fr\\\/evenement-journee-de-la-facturation-electronique-2025\\\/\",\"url\":\"https:\\\/\\\/www.abcinvoice.eu\\\/fr\\\/evenement-journee-de-la-facturation-electronique-2025\\\/\",\"name\":\"\u00c9v\u00e9nement : Journ\u00e9e de la facturation \u00e9lectronique 2025 - ABCinvoice.eu\",\"isPartOf\":{\"@id\":\"https:\\\/\\\/www.abcinvoice.eu\\\/fr\\\/#website\"},\"primaryImageOfPage\":{\"@id\":\"https:\\\/\\\/www.abcinvoice.eu\\\/fr\\\/evenement-journee-de-la-facturation-electronique-2025\\\/#primaryimage\"},\"image\":{\"@id\":\"https:\\\/\\\/www.abcinvoice.eu\\\/fr\\\/evenement-journee-de-la-facturation-electronique-2025\\\/#primaryimage\"},\"thumbnailUrl\":\"https:\\\/\\\/www.abcinvoice.eu\\\/wp-content\\\/uploads\\\/2025\\\/05\\\/cropped-JFE_Affiche-horizontale_titre_ombres-portees-scaled-1.jpg\",\"datePublished\":\"2025-05-12T15:57:27+00:00\",\"dateModified\":\"2025-08-06T11:42:34+00:00\",\"breadcrumb\":{\"@id\":\"https:\\\/\\\/www.abcinvoice.eu\\\/fr\\\/evenement-journee-de-la-facturation-electronique-2025\\\/#breadcrumb\"},\"inLanguage\":\"fr-FR\",\"potentialAction\":[{\"@type\":\"ReadAction\",\"target\":[\"https:\\\/\\\/www.abcinvoice.eu\\\/fr\\\/evenement-journee-de-la-facturation-electronique-2025\\\/\"]}]},{\"@type\":\"ImageObject\",\"inLanguage\":\"fr-FR\",\"@id\":\"https:\\\/\\\/www.abcinvoice.eu\\\/fr\\\/evenement-journee-de-la-facturation-electronique-2025\\\/#primaryimage\",\"url\":\"https:\\\/\\\/www.abcinvoice.eu\\\/wp-content\\\/uploads\\\/2025\\\/05\\\/cropped-JFE_Affiche-horizontale_titre_ombres-portees-scaled-1.jpg\",\"contentUrl\":\"https:\\\/\\\/www.abcinvoice.eu\\\/wp-content\\\/uploads\\\/2025\\\/05\\\/cropped-JFE_Affiche-horizontale_titre_ombres-portees-scaled-1.jpg\",\"width\":1500,\"height\":842},{\"@type\":\"BreadcrumbList\",\"@id\":\"https:\\\/\\\/www.abcinvoice.eu\\\/fr\\\/evenement-journee-de-la-facturation-electronique-2025\\\/#breadcrumb\",\"itemListElement\":[{\"@type\":\"ListItem\",\"position\":1,\"name\":\"Accueil\",\"item\":\"https:\\\/\\\/www.abcinvoice.eu\\\/fr\\\/\"},{\"@type\":\"ListItem\",\"position\":2,\"name\":\"\u00c9v\u00e9nement : Journ\u00e9e de la facturation \u00e9lectronique 2025\"}]},{\"@type\":\"WebSite\",\"@id\":\"https:\\\/\\\/www.abcinvoice.eu\\\/fr\\\/#website\",\"url\":\"https:\\\/\\\/www.abcinvoice.eu\\\/fr\\\/\",\"name\":\"ABCinvoice.eu\",\"description\":\"La facturation \u00e9lectronique facile\",\"publisher\":{\"@id\":\"https:\\\/\\\/www.abcinvoice.eu\\\/fr\\\/#organization\"},\"potentialAction\":[{\"@type\":\"SearchAction\",\"target\":{\"@type\":\"EntryPoint\",\"urlTemplate\":\"https:\\\/\\\/www.abcinvoice.eu\\\/fr\\\/?s={search_term_string}\"},\"query-input\":{\"@type\":\"PropertyValueSpecification\",\"valueRequired\":true,\"valueName\":\"search_term_string\"}}],\"inLanguage\":\"fr-FR\"},{\"@type\":\"Organization\",\"@id\":\"https:\\\/\\\/www.abcinvoice.eu\\\/fr\\\/#organization\",\"name\":\"ABCinvoice.eu\",\"url\":\"https:\\\/\\\/www.abcinvoice.eu\\\/fr\\\/\",\"logo\":{\"@type\":\"ImageObject\",\"inLanguage\":\"fr-FR\",\"@id\":\"https:\\\/\\\/www.abcinvoice.eu\\\/fr\\\/#\\\/schema\\\/logo\\\/image\\\/\",\"url\":\"https:\\\/\\\/www.abcinvoice.eu\\\/wp-content\\\/uploads\\\/2025\\\/06\\\/Fichier-101@2x.png\",\"contentUrl\":\"https:\\\/\\\/www.abcinvoice.eu\\\/wp-content\\\/uploads\\\/2025\\\/06\\\/Fichier-101@2x.png\",\"width\":1234,\"height\":155,\"caption\":\"ABCinvoice.eu\"},\"image\":{\"@id\":\"https:\\\/\\\/www.abcinvoice.eu\\\/fr\\\/#\\\/schema\\\/logo\\\/image\\\/\"}},{\"@type\":\"Person\",\"@id\":\"https:\\\/\\\/www.abcinvoice.eu\\\/fr\\\/#\\\/schema\\\/person\\\/8cc50ff6bbe232d20dd0addbb4cd3ba5\",\"name\":\"fabrice\",\"image\":{\"@type\":\"ImageObject\",\"inLanguage\":\"fr-FR\",\"@id\":\"https:\\\/\\\/secure.gravatar.com\\\/avatar\\\/dc5d62e840f71c3d9e5286e2b3fac46756af93de191eaf9ea9f2a32b7629ca4e?s=96&d=mm&r=g\",\"url\":\"https:\\\/\\\/secure.gravatar.com\\\/avatar\\\/dc5d62e840f71c3d9e5286e2b3fac46756af93de191eaf9ea9f2a32b7629ca4e?s=96&d=mm&r=g\",\"contentUrl\":\"https:\\\/\\\/secure.gravatar.com\\\/avatar\\\/dc5d62e840f71c3d9e5286e2b3fac46756af93de191eaf9ea9f2a32b7629ca4e?s=96&d=mm&r=g\",\"caption\":\"fabrice\"},\"url\":\"https:\\\/\\\/www.abcinvoice.eu\\\/fr\\\/author\\\/fabrice\\\/\"}]}<\/script>\n<!-- \/ Yoast SEO plugin. -->","yoast_head_json":{"title":"\u00c9v\u00e9nement : Journ\u00e9e de la facturation \u00e9lectronique 2025 - ABCinvoice.eu","robots":{"index":"index","follow":"follow","max-snippet":"max-snippet:-1","max-image-preview":"max-image-preview:large","max-video-preview":"max-video-preview:-1"},"canonical":"https:\/\/www.abcinvoice.eu\/fr\/evenement-journee-de-la-facturation-electronique-2025\/","og_locale":"fr_FR","og_type":"article","og_title":"\u00c9v\u00e9nement : Journ\u00e9e de la facturation \u00e9lectronique 2025 - ABCinvoice.eu","og_description":"Organis\u00e9e par le Forum National de la Facture \u00c9lectronique et des March\u00e9s Publics \u00c9lectroniques (FNFE-MPE), cette journ\u00e9e r\u00e9unira les acteurs de la facturation \u00e9lectronique ainsi que les entreprises en qu\u00eate d&rsquo;informations et de services fiables. L&rsquo;\u00e9v\u00e9nement aura lieu le 13 mai 2025 \u00e0 partir de 8h au Palais Brogniart (Bourse de Paris). ABCinvoice.eu sera bien [&hellip;]","og_url":"https:\/\/www.abcinvoice.eu\/fr\/evenement-journee-de-la-facturation-electronique-2025\/","og_site_name":"ABCinvoice.eu","article_published_time":"2025-05-12T15:57:27+00:00","article_modified_time":"2025-08-06T11:42:34+00:00","og_image":[{"width":1500,"height":842,"url":"https:\/\/www.abcinvoice.eu\/wp-content\/uploads\/2025\/05\/cropped-JFE_Affiche-horizontale_titre_ombres-portees-scaled-1.jpg","type":"image\/jpeg"}],"author":"fabrice","twitter_card":"summary_large_image","twitter_misc":{"\u00c9crit par":"fabrice"},"schema":{"@context":"https:\/\/schema.org","@graph":[{"@type":"Article","@id":"https:\/\/www.abcinvoice.eu\/fr\/evenement-journee-de-la-facturation-electronique-2025\/#article","isPartOf":{"@id":"https:\/\/www.abcinvoice.eu\/fr\/evenement-journee-de-la-facturation-electronique-2025\/"},"author":{"name":"fabrice","@id":"https:\/\/www.abcinvoice.eu\/fr\/#\/schema\/person\/8cc50ff6bbe232d20dd0addbb4cd3ba5"},"headline":"\u00c9v\u00e9nement : Journ\u00e9e de la facturation \u00e9lectronique 2025","datePublished":"2025-05-12T15:57:27+00:00","dateModified":"2025-08-06T11:42:34+00:00","mainEntityOfPage":{"@id":"https:\/\/www.abcinvoice.eu\/fr\/evenement-journee-de-la-facturation-electronique-2025\/"},"wordCount":102,"publisher":{"@id":"https:\/\/www.abcinvoice.eu\/fr\/#organization"},"image":{"@id":"https:\/\/www.abcinvoice.eu\/fr\/evenement-journee-de-la-facturation-electronique-2025\/#primaryimage"},"thumbnailUrl":"https:\/\/www.abcinvoice.eu\/wp-content\/uploads\/2025\/05\/cropped-JFE_Affiche-horizontale_titre_ombres-portees-scaled-1.jpg","keywords":["calendrier","sponsoring"],"articleSection":["\u00c9v\u00e9nements"],"inLanguage":"fr-FR"},{"@type":"WebPage","@id":"https:\/\/www.abcinvoice.eu\/fr\/evenement-journee-de-la-facturation-electronique-2025\/","url":"https:\/\/www.abcinvoice.eu\/fr\/evenement-journee-de-la-facturation-electronique-2025\/","name":"\u00c9v\u00e9nement : Journ\u00e9e de la facturation \u00e9lectronique 2025 - ABCinvoice.eu","isPartOf":{"@id":"https:\/\/www.abcinvoice.eu\/fr\/#website"},"primaryImageOfPage":{"@id":"https:\/\/www.abcinvoice.eu\/fr\/evenement-journee-de-la-facturation-electronique-2025\/#primaryimage"},"image":{"@id":"https:\/\/www.abcinvoice.eu\/fr\/evenement-journee-de-la-facturation-electronique-2025\/#primaryimage"},"thumbnailUrl":"https:\/\/www.abcinvoice.eu\/wp-content\/uploads\/2025\/05\/cropped-JFE_Affiche-horizontale_titre_ombres-portees-scaled-1.jpg","datePublished":"2025-05-12T15:57:27+00:00","dateModified":"2025-08-06T11:42:34+00:00","breadcrumb":{"@id":"https:\/\/www.abcinvoice.eu\/fr\/evenement-journee-de-la-facturation-electronique-2025\/#breadcrumb"},"inLanguage":"fr-FR","potentialAction":[{"@type":"ReadAction","target":["https:\/\/www.abcinvoice.eu\/fr\/evenement-journee-de-la-facturation-electronique-2025\/"]}]},{"@type":"ImageObject","inLanguage":"fr-FR","@id":"https:\/\/www.abcinvoice.eu\/fr\/evenement-journee-de-la-facturation-electronique-2025\/#primaryimage","url":"https:\/\/www.abcinvoice.eu\/wp-content\/uploads\/2025\/05\/cropped-JFE_Affiche-horizontale_titre_ombres-portees-scaled-1.jpg","contentUrl":"https:\/\/www.abcinvoice.eu\/wp-content\/uploads\/2025\/05\/cropped-JFE_Affiche-horizontale_titre_ombres-portees-scaled-1.jpg","width":1500,"height":842},{"@type":"BreadcrumbList","@id":"https:\/\/www.abcinvoice.eu\/fr\/evenement-journee-de-la-facturation-electronique-2025\/#breadcrumb","itemListElement":[{"@type":"ListItem","position":1,"name":"Accueil","item":"https:\/\/www.abcinvoice.eu\/fr\/"},{"@type":"ListItem","position":2,"name":"\u00c9v\u00e9nement : Journ\u00e9e de la facturation \u00e9lectronique 2025"}]},{"@type":"WebSite","@id":"https:\/\/www.abcinvoice.eu\/fr\/#website","url":"https:\/\/www.abcinvoice.eu\/fr\/","name":"ABCinvoice.eu","description":"La facturation \u00e9lectronique facile","publisher":{"@id":"https:\/\/www.abcinvoice.eu\/fr\/#organization"},"potentialAction":[{"@type":"SearchAction","target":{"@type":"EntryPoint","urlTemplate":"https:\/\/www.abcinvoice.eu\/fr\/?s={search_term_string}"},"query-input":{"@type":"PropertyValueSpecification","valueRequired":true,"valueName":"search_term_string"}}],"inLanguage":"fr-FR"},{"@type":"Organization","@id":"https:\/\/www.abcinvoice.eu\/fr\/#organization","name":"ABCinvoice.eu","url":"https:\/\/www.abcinvoice.eu\/fr\/","logo":{"@type":"ImageObject","inLanguage":"fr-FR","@id":"https:\/\/www.abcinvoice.eu\/fr\/#\/schema\/logo\/image\/","url":"https:\/\/www.abcinvoice.eu\/wp-content\/uploads\/2025\/06\/Fichier-101@2x.png","contentUrl":"https:\/\/www.abcinvoice.eu\/wp-content\/uploads\/2025\/06\/Fichier-101@2x.png","width":1234,"height":155,"caption":"ABCinvoice.eu"},"image":{"@id":"https:\/\/www.abcinvoice.eu\/fr\/#\/schema\/logo\/image\/"}},{"@type":"Person","@id":"https:\/\/www.abcinvoice.eu\/fr\/#\/schema\/person\/8cc50ff6bbe232d20dd0addbb4cd3ba5","name":"fabrice","image":{"@type":"ImageObject","inLanguage":"fr-FR","@id":"https:\/\/secure.gravatar.com\/avatar\/dc5d62e840f71c3d9e5286e2b3fac46756af93de191eaf9ea9f2a32b7629ca4e?s=96&d=mm&r=g","url":"https:\/\/secure.gravatar.com\/avatar\/dc5d62e840f71c3d9e5286e2b3fac46756af93de191eaf9ea9f2a32b7629ca4e?s=96&d=mm&r=g","contentUrl":"https:\/\/secure.gravatar.com\/avatar\/dc5d62e840f71c3d9e5286e2b3fac46756af93de191eaf9ea9f2a32b7629ca4e?s=96&d=mm&r=g","caption":"fabrice"},"url":"https:\/\/www.abcinvoice.eu\/fr\/author\/fabrice\/"}]}},"jetpack_featured_media_url":"https:\/\/www.abcinvoice.eu\/wp-content\/uploads\/2025\/05\/cropped-JFE_Affiche-horizontale_titre_ombres-portees-scaled-1.jpg","jetpack_sharing_enabled":true,"_links":{"self":[{"href":"https:\/\/www.abcinvoice.eu\/fr\/wp-json\/wp\/v2\/posts\/552","targetHints":{"allow":["GET"]}}],"collection":[{"href":"https:\/\/www.abcinvoice.eu\/fr\/wp-json\/wp\/v2\/posts"}],"about":[{"href":"https:\/\/www.abcinvoice.eu\/fr\/wp-json\/wp\/v2\/types\/post"}],"author":[{"embeddable":true,"href":"https:\/\/www.abcinvoice.eu\/fr\/wp-json\/wp\/v2\/users\/2"}],"replies":[{"embeddable":true,"href":"https:\/\/www.abcinvoice.eu\/fr\/wp-json\/wp\/v2\/comments?post=552"}],"version-history":[{"count":3,"href":"https:\/\/www.abcinvoice.eu\/fr\/wp-json\/wp\/v2\/posts\/552\/revisions"}],"predecessor-version":[{"id":2632,"href":"https:\/\/www.abcinvoice.eu\/fr\/wp-json\/wp\/v2\/posts\/552\/revisions\/2632"}],"wp:featuredmedia":[{"embeddable":true,"href":"https:\/\/www.abcinvoice.eu\/fr\/wp-json\/wp\/v2\/media\/553"}],"wp:attachment":[{"href":"https:\/\/www.abcinvoice.eu\/fr\/wp-json\/wp\/v2\/media?parent=552"}],"wp:term":[{"taxonomy":"category","embeddable":true,"href":"https:\/\/www.abcinvoice.eu\/fr\/wp-json\/wp\/v2\/categories?post=552"},{"taxonomy":"post_tag","embeddable":true,"href":"https:\/\/www.abcinvoice.eu\/fr\/wp-json\/wp\/v2\/tags?post=552"}],"curies":[{"name":"wp","href":"https:\/\/api.w.org\/{rel}","templated":true}]}}