{"id":4534,"date":"2025-12-02T14:02:00","date_gmt":"2025-12-02T13:02:00","guid":{"rendered":"https:\/\/www.abcinvoice.eu\/?p=4534"},"modified":"2025-12-06T14:14:09","modified_gmt":"2025-12-06T13:14:09","slug":"belgique-la-periode-de-tolerance-n-est-pas-un-report-peppol","status":"publish","type":"post","link":"https:\/\/www.abcinvoice.eu\/fr\/belgique-la-periode-de-tolerance-n-est-pas-un-report-peppol\/","title":{"rendered":"Belgique : la p\u00e9riode de tol\u00e9rance n&rsquo;est pas un report !"},"content":{"rendered":"\n<h2 class=\"wp-block-heading\">Seules les entreprises ayant d\u00e9j\u00e0 pris leurs disposition seront \u00ab\u00a0\u00e9pargn\u00e9es\u00a0\u00bb<\/h2>\n\n\n\n<p>Communiqu\u00e9 du SPF Finances.<\/p>\n\n\n\n<p>L\u2019introduction de l\u2019e-facturation obligatoire entre entreprises belges assujetties \u00e0 la TVA \u00e0 partir du 1<sup>er<\/sup>&nbsp;janvier 2026 constitue une \u00e9tape importante dans la digitalisation de notre \u00e9conomie. Entre-temps, plus d\u2019un demi-million d\u2019entreprises, grandes et petites, ont d\u00e9j\u00e0 franchi le pas. De nombreuses entreprises sont en pleine pr\u00e9paration finale. Depuis septembre, l\u2019adoption s\u2019acc\u00e9l\u00e8re semaine apr\u00e8s semaine, avec un pic attendu juste avant l\u2019\u00e9ch\u00e9ance. La transition vers l\u2019e-facturation sera par ailleurs relativement simple pour une grande partie des entreprises.<\/p>\n\n\n\n<p>Nous comprenons toutefois que, lors de la mise en \u0153uvre de l\u2019e-facturation, comme pour toute innovation op\u00e9rationnelle majeure, certains probl\u00e8mes pratiques peuvent survenir ou que des entreprises de bonne foi ne soient pas encore en mesure, pour des raisons ind\u00e9pendantes de leur volont\u00e9, de remplir correctement toutes leurs obligations.<\/p>\n\n\n\n<h2 class=\"wp-block-heading\">Tol\u00e9rance<\/h2>\n\n\n\n<p>Pour cette raison, le SPF Finances fera preuve de tol\u00e9rance pendant\u00a0<strong>les<\/strong>\u00a0<strong>trois premiers mois de 2026<\/strong>\u00a0et n\u2019appliquera pas de sanctions pour les infractions li\u00e9es \u00e0 la nouvelle obligation de l\u2019e-facturation. Cette tol\u00e9rance est accord\u00e9e \u00e0 condition que l\u2019entreprise puisse d\u00e9montrer qu\u2019elle a <strong>pris des dispositions\u00a0en temps utile et de mani\u00e8re raisonnable<\/strong>\u00a0pour se conformer \u00e0 la nouvelle obligation.<\/p>\n\n\n\n<h3 class=\"wp-block-heading\">Quelles infractions sont concern\u00e9es ?<\/h3>\n\n\n\n<p>Il doit s\u2019agir d\u2019infractions propres \u00e0 la nouvelle obligation :<\/p>\n\n\n\n<ul class=\"wp-block-list\">\n<li>L\u2019entreprise ne dispose pas (encore) des moyens techniques n\u00e9cessaires pour envoyer et\/ou recevoir une facture \u00e9lectronique structur\u00e9e (en totalit\u00e9 ou pour certaines transactions, par exemple la d\u00e9livrance par le cocontractant [le\u00a0<em>self billing<\/em>]).<\/li>\n\n\n\n<li>L&rsquo;entreprise n\u2019\u00e9met pas de facture \u00e9lectronique structur\u00e9e alors que cela est obligatoire, parce que son propre syst\u00e8me ou celui d\u2019un tiers auquel il fait appel ne permet pas encore d\u2019\u00e9mettre une facture \u00e9lectronique valide (en totalit\u00e9 ou pour certaines transactions, par exemple la d\u00e9livrance par le cocontractant [le\u00a0<em>self billing<\/em>]).<\/li>\n<\/ul>\n\n\n\n<p>Il va de soi que, dans ces cas, l\u2019entreprise doit respecter ses obligations de facturation d\u2019une autre mani\u00e8re (format ou mode d\u2019envoi alternatif).<\/p>\n\n\n\n<h3 class=\"wp-block-heading\">Pourquoi cette condition \u00ab en temps utile et de mani\u00e8re raisonnable \u00bb ?<\/h3>\n\n\n\n<p>Les entreprises qui ont d\u00e9j\u00e0 fourni des efforts suffisants pour l\u2019application correcte et en temps utile de l\u2019e-facturation auront la possibilit\u00e9 de se mettre en r\u00e8gle sans sanction.<\/p>\n\n\n\n<p>Les entreprises qui ne l\u2019ont pas fait seront incit\u00e9s \u00e0 se mettre en r\u00e8gle le plus rapidement possible.<\/p>\n\n\n\n<p>Une \u00e9ventuelle sanction d\u00e9pendra des circonstances concr\u00e8tes du dossier. Chaque cas sera \u00e9valu\u00e9 individuellement.<\/p>\n\n\n\n<p>Il n\u2019est absolument pas question d\u2019accorder un report g\u00e9n\u00e9ral. Cela serait injuste pour toutes les entreprises qui ont tent\u00e9 d\u2019\u00eatre pr\u00eates \u00e0 temps, pour toutes les personnes qui les accompagnent et pour toutes les soci\u00e9t\u00e9s informatiques qui ont investi afin de respecter l\u2019\u00e9ch\u00e9ance du 1<sup>er&nbsp;<\/sup>janvier 2026.<br><br>Cela signifierait \u00e9galement que les avantages de l\u2019e-facturation seraient report\u00e9s dans le temps. Il existe aussi le risque suppl\u00e9mentaire qu\u2019une partie du public cible, sans obligation de moyens, ne respecte pas non plus la nouvelle \u00e9ch\u00e9ance, ce qui d\u00e9placerait simplement le probl\u00e8me dans le temps.<\/p>\n\n\n\n<p>La facturation exige de la r\u00e9ciprocit\u00e9 : plus les contreparties sont pr\u00eates, plus la transition sera fluide.<\/p>\n\n\n\n<h2 class=\"wp-block-heading\">Conclusion et conseil<\/h2>\n\n\n\n<p>Pour b\u00e9n\u00e9ficier de cette tol\u00e9rance jusqu&rsquo;\u00e0 fin mars 2026, il faut donc avoir d\u00e9j\u00e0 pris ses dispositions. Par exemple en ouvrant votre compte <a href=\"https:\/\/app.abcinvoice.eu\">ABCinvoice.eu<\/a>, qui inclut votre point d&rsquo;acc\u00e8s Peppol.<\/p>\n\n\n\n<p><\/p>\n","protected":false},"excerpt":{"rendered":"<p>Seules les entreprises ayant d\u00e9j\u00e0 pris leurs disposition seront \u00ab\u00a0\u00e9pargn\u00e9es\u00a0\u00bb Communiqu\u00e9 du SPF Finances. L\u2019introduction de l\u2019e-facturation obligatoire entre entreprises belges assujetties \u00e0 la TVA \u00e0 partir du 1er&nbsp;janvier 2026 constitue une \u00e9tape importante dans la digitalisation de notre \u00e9conomie. Entre-temps, plus d\u2019un demi-million d\u2019entreprises, grandes et petites, ont d\u00e9j\u00e0 franchi le pas. De nombreuses [&hellip;]<\/p>\n","protected":false},"author":3,"featured_media":4535,"comment_status":"closed","ping_status":"open","sticky":false,"template":"","format":"standard","meta":{"_jetpack_memberships_contains_paid_content":false,"footnotes":""},"categories":[21],"tags":[],"class_list":["post-4534","post","type-post","status-publish","format-standard","has-post-thumbnail","hentry","category-reglementation"],"yoast_head":"<!-- This site is optimized with the Yoast SEO plugin v27.5 - https:\/\/yoast.com\/product\/yoast-seo-wordpress\/ -->\n<title>Belgique : la p\u00e9riode de tol\u00e9rance n&#039;est pas un report ! - ABCinvoice.eu<\/title>\n<meta name=\"robots\" content=\"index, follow, max-snippet:-1, max-image-preview:large, max-video-preview:-1\" \/>\n<link rel=\"canonical\" href=\"https:\/\/www.abcinvoice.eu\/fr\/belgique-la-periode-de-tolerance-n-est-pas-un-report-peppol\/\" \/>\n<meta property=\"og:locale\" content=\"fr_FR\" \/>\n<meta property=\"og:type\" content=\"article\" \/>\n<meta property=\"og:title\" content=\"Belgique : la p\u00e9riode de tol\u00e9rance n&#039;est pas un report ! - ABCinvoice.eu\" \/>\n<meta property=\"og:description\" content=\"Seules les entreprises ayant d\u00e9j\u00e0 pris leurs disposition seront \u00ab\u00a0\u00e9pargn\u00e9es\u00a0\u00bb Communiqu\u00e9 du SPF Finances. L\u2019introduction de l\u2019e-facturation obligatoire entre entreprises belges assujetties \u00e0 la TVA \u00e0 partir du 1er&nbsp;janvier 2026 constitue une \u00e9tape importante dans la digitalisation de notre \u00e9conomie. Entre-temps, plus d\u2019un demi-million d\u2019entreprises, grandes et petites, ont d\u00e9j\u00e0 franchi le pas. De nombreuses [&hellip;]\" \/>\n<meta property=\"og:url\" content=\"https:\/\/www.abcinvoice.eu\/fr\/belgique-la-periode-de-tolerance-n-est-pas-un-report-peppol\/\" \/>\n<meta property=\"og:site_name\" content=\"ABCinvoice.eu\" \/>\n<meta property=\"article:published_time\" content=\"2025-12-02T13:02:00+00:00\" \/>\n<meta property=\"article:modified_time\" content=\"2025-12-06T13:14:09+00:00\" \/>\n<meta property=\"og:image\" content=\"https:\/\/www.abcinvoice.eu\/wp-content\/uploads\/2025\/12\/spfFinances.jpg\" \/>\n\t<meta property=\"og:image:width\" content=\"300\" \/>\n\t<meta property=\"og:image:height\" content=\"168\" \/>\n\t<meta property=\"og:image:type\" content=\"image\/jpeg\" \/>\n<meta name=\"author\" content=\"ABCinvoice\" \/>\n<meta name=\"twitter:card\" content=\"summary_large_image\" \/>\n<meta name=\"twitter:label1\" content=\"\u00c9crit par\" \/>\n\t<meta name=\"twitter:data1\" content=\"ABCinvoice\" \/>\n\t<meta name=\"twitter:label2\" content=\"Dur\u00e9e de lecture estim\u00e9e\" \/>\n\t<meta name=\"twitter:data2\" content=\"3 minutes\" \/>\n<script type=\"application\/ld+json\" class=\"yoast-schema-graph\">{\"@context\":\"https:\\\/\\\/schema.org\",\"@graph\":[{\"@type\":\"Article\",\"@id\":\"https:\\\/\\\/www.abcinvoice.eu\\\/fr\\\/belgique-la-periode-de-tolerance-n-est-pas-un-report-peppol\\\/#article\",\"isPartOf\":{\"@id\":\"https:\\\/\\\/www.abcinvoice.eu\\\/fr\\\/belgique-la-periode-de-tolerance-n-est-pas-un-report-peppol\\\/\"},\"author\":{\"name\":\"ABCinvoice\",\"@id\":\"https:\\\/\\\/www.abcinvoice.eu\\\/fr\\\/#\\\/schema\\\/person\\\/1d28d943cfad638d2444954753dcc667\"},\"headline\":\"Belgique : la p\u00e9riode de tol\u00e9rance n&rsquo;est pas un report !\",\"datePublished\":\"2025-12-02T13:02:00+00:00\",\"dateModified\":\"2025-12-06T13:14:09+00:00\",\"mainEntityOfPage\":{\"@id\":\"https:\\\/\\\/www.abcinvoice.eu\\\/fr\\\/belgique-la-periode-de-tolerance-n-est-pas-un-report-peppol\\\/\"},\"wordCount\":620,\"publisher\":{\"@id\":\"https:\\\/\\\/www.abcinvoice.eu\\\/fr\\\/#organization\"},\"image\":{\"@id\":\"https:\\\/\\\/www.abcinvoice.eu\\\/fr\\\/belgique-la-periode-de-tolerance-n-est-pas-un-report-peppol\\\/#primaryimage\"},\"thumbnailUrl\":\"https:\\\/\\\/www.abcinvoice.eu\\\/wp-content\\\/uploads\\\/2025\\\/12\\\/spfFinances.jpg\",\"articleSection\":[\"R\u00e8glementation\"],\"inLanguage\":\"fr-FR\"},{\"@type\":\"WebPage\",\"@id\":\"https:\\\/\\\/www.abcinvoice.eu\\\/fr\\\/belgique-la-periode-de-tolerance-n-est-pas-un-report-peppol\\\/\",\"url\":\"https:\\\/\\\/www.abcinvoice.eu\\\/fr\\\/belgique-la-periode-de-tolerance-n-est-pas-un-report-peppol\\\/\",\"name\":\"Belgique : la p\u00e9riode de tol\u00e9rance n'est pas un report ! - ABCinvoice.eu\",\"isPartOf\":{\"@id\":\"https:\\\/\\\/www.abcinvoice.eu\\\/fr\\\/#website\"},\"primaryImageOfPage\":{\"@id\":\"https:\\\/\\\/www.abcinvoice.eu\\\/fr\\\/belgique-la-periode-de-tolerance-n-est-pas-un-report-peppol\\\/#primaryimage\"},\"image\":{\"@id\":\"https:\\\/\\\/www.abcinvoice.eu\\\/fr\\\/belgique-la-periode-de-tolerance-n-est-pas-un-report-peppol\\\/#primaryimage\"},\"thumbnailUrl\":\"https:\\\/\\\/www.abcinvoice.eu\\\/wp-content\\\/uploads\\\/2025\\\/12\\\/spfFinances.jpg\",\"datePublished\":\"2025-12-02T13:02:00+00:00\",\"dateModified\":\"2025-12-06T13:14:09+00:00\",\"breadcrumb\":{\"@id\":\"https:\\\/\\\/www.abcinvoice.eu\\\/fr\\\/belgique-la-periode-de-tolerance-n-est-pas-un-report-peppol\\\/#breadcrumb\"},\"inLanguage\":\"fr-FR\",\"potentialAction\":[{\"@type\":\"ReadAction\",\"target\":[\"https:\\\/\\\/www.abcinvoice.eu\\\/fr\\\/belgique-la-periode-de-tolerance-n-est-pas-un-report-peppol\\\/\"]}]},{\"@type\":\"ImageObject\",\"inLanguage\":\"fr-FR\",\"@id\":\"https:\\\/\\\/www.abcinvoice.eu\\\/fr\\\/belgique-la-periode-de-tolerance-n-est-pas-un-report-peppol\\\/#primaryimage\",\"url\":\"https:\\\/\\\/www.abcinvoice.eu\\\/wp-content\\\/uploads\\\/2025\\\/12\\\/spfFinances.jpg\",\"contentUrl\":\"https:\\\/\\\/www.abcinvoice.eu\\\/wp-content\\\/uploads\\\/2025\\\/12\\\/spfFinances.jpg\",\"width\":300,\"height\":168},{\"@type\":\"BreadcrumbList\",\"@id\":\"https:\\\/\\\/www.abcinvoice.eu\\\/fr\\\/belgique-la-periode-de-tolerance-n-est-pas-un-report-peppol\\\/#breadcrumb\",\"itemListElement\":[{\"@type\":\"ListItem\",\"position\":1,\"name\":\"Accueil\",\"item\":\"https:\\\/\\\/www.abcinvoice.eu\\\/fr\\\/\"},{\"@type\":\"ListItem\",\"position\":2,\"name\":\"Belgique : la p\u00e9riode de tol\u00e9rance n&rsquo;est pas un report !\"}]},{\"@type\":\"WebSite\",\"@id\":\"https:\\\/\\\/www.abcinvoice.eu\\\/fr\\\/#website\",\"url\":\"https:\\\/\\\/www.abcinvoice.eu\\\/fr\\\/\",\"name\":\"ABCinvoice.eu\",\"description\":\"La facturation \u00e9lectronique facile\",\"publisher\":{\"@id\":\"https:\\\/\\\/www.abcinvoice.eu\\\/fr\\\/#organization\"},\"potentialAction\":[{\"@type\":\"SearchAction\",\"target\":{\"@type\":\"EntryPoint\",\"urlTemplate\":\"https:\\\/\\\/www.abcinvoice.eu\\\/fr\\\/?s={search_term_string}\"},\"query-input\":{\"@type\":\"PropertyValueSpecification\",\"valueRequired\":true,\"valueName\":\"search_term_string\"}}],\"inLanguage\":\"fr-FR\"},{\"@type\":\"Organization\",\"@id\":\"https:\\\/\\\/www.abcinvoice.eu\\\/fr\\\/#organization\",\"name\":\"ABCinvoice.eu\",\"url\":\"https:\\\/\\\/www.abcinvoice.eu\\\/fr\\\/\",\"logo\":{\"@type\":\"ImageObject\",\"inLanguage\":\"fr-FR\",\"@id\":\"https:\\\/\\\/www.abcinvoice.eu\\\/fr\\\/#\\\/schema\\\/logo\\\/image\\\/\",\"url\":\"https:\\\/\\\/www.abcinvoice.eu\\\/wp-content\\\/uploads\\\/2025\\\/06\\\/Fichier-101@2x.png\",\"contentUrl\":\"https:\\\/\\\/www.abcinvoice.eu\\\/wp-content\\\/uploads\\\/2025\\\/06\\\/Fichier-101@2x.png\",\"width\":1234,\"height\":155,\"caption\":\"ABCinvoice.eu\"},\"image\":{\"@id\":\"https:\\\/\\\/www.abcinvoice.eu\\\/fr\\\/#\\\/schema\\\/logo\\\/image\\\/\"}},{\"@type\":\"Person\",\"@id\":\"https:\\\/\\\/www.abcinvoice.eu\\\/fr\\\/#\\\/schema\\\/person\\\/1d28d943cfad638d2444954753dcc667\",\"name\":\"ABCinvoice\",\"image\":{\"@type\":\"ImageObject\",\"inLanguage\":\"fr-FR\",\"@id\":\"https:\\\/\\\/secure.gravatar.com\\\/avatar\\\/2496994647e21e955bac5cb71b6f1dd11a324ce75f23cad98e63784a7240b337?s=96&d=mm&r=g\",\"url\":\"https:\\\/\\\/secure.gravatar.com\\\/avatar\\\/2496994647e21e955bac5cb71b6f1dd11a324ce75f23cad98e63784a7240b337?s=96&d=mm&r=g\",\"contentUrl\":\"https:\\\/\\\/secure.gravatar.com\\\/avatar\\\/2496994647e21e955bac5cb71b6f1dd11a324ce75f23cad98e63784a7240b337?s=96&d=mm&r=g\",\"caption\":\"ABCinvoice\"},\"url\":\"https:\\\/\\\/www.abcinvoice.eu\\\/fr\\\/author\\\/aurelie\\\/\"}]}<\/script>\n<!-- \/ Yoast SEO plugin. -->","yoast_head_json":{"title":"Belgique : la p\u00e9riode de tol\u00e9rance n'est pas un report ! - ABCinvoice.eu","robots":{"index":"index","follow":"follow","max-snippet":"max-snippet:-1","max-image-preview":"max-image-preview:large","max-video-preview":"max-video-preview:-1"},"canonical":"https:\/\/www.abcinvoice.eu\/fr\/belgique-la-periode-de-tolerance-n-est-pas-un-report-peppol\/","og_locale":"fr_FR","og_type":"article","og_title":"Belgique : la p\u00e9riode de tol\u00e9rance n'est pas un report ! - ABCinvoice.eu","og_description":"Seules les entreprises ayant d\u00e9j\u00e0 pris leurs disposition seront \u00ab\u00a0\u00e9pargn\u00e9es\u00a0\u00bb Communiqu\u00e9 du SPF Finances. L\u2019introduction de l\u2019e-facturation obligatoire entre entreprises belges assujetties \u00e0 la TVA \u00e0 partir du 1er&nbsp;janvier 2026 constitue une \u00e9tape importante dans la digitalisation de notre \u00e9conomie. Entre-temps, plus d\u2019un demi-million d\u2019entreprises, grandes et petites, ont d\u00e9j\u00e0 franchi le pas. De nombreuses [&hellip;]","og_url":"https:\/\/www.abcinvoice.eu\/fr\/belgique-la-periode-de-tolerance-n-est-pas-un-report-peppol\/","og_site_name":"ABCinvoice.eu","article_published_time":"2025-12-02T13:02:00+00:00","article_modified_time":"2025-12-06T13:14:09+00:00","og_image":[{"width":300,"height":168,"url":"https:\/\/www.abcinvoice.eu\/wp-content\/uploads\/2025\/12\/spfFinances.jpg","type":"image\/jpeg"}],"author":"ABCinvoice","twitter_card":"summary_large_image","twitter_misc":{"\u00c9crit par":"ABCinvoice","Dur\u00e9e de lecture estim\u00e9e":"3 minutes"},"schema":{"@context":"https:\/\/schema.org","@graph":[{"@type":"Article","@id":"https:\/\/www.abcinvoice.eu\/fr\/belgique-la-periode-de-tolerance-n-est-pas-un-report-peppol\/#article","isPartOf":{"@id":"https:\/\/www.abcinvoice.eu\/fr\/belgique-la-periode-de-tolerance-n-est-pas-un-report-peppol\/"},"author":{"name":"ABCinvoice","@id":"https:\/\/www.abcinvoice.eu\/fr\/#\/schema\/person\/1d28d943cfad638d2444954753dcc667"},"headline":"Belgique : la p\u00e9riode de tol\u00e9rance n&rsquo;est pas un report !","datePublished":"2025-12-02T13:02:00+00:00","dateModified":"2025-12-06T13:14:09+00:00","mainEntityOfPage":{"@id":"https:\/\/www.abcinvoice.eu\/fr\/belgique-la-periode-de-tolerance-n-est-pas-un-report-peppol\/"},"wordCount":620,"publisher":{"@id":"https:\/\/www.abcinvoice.eu\/fr\/#organization"},"image":{"@id":"https:\/\/www.abcinvoice.eu\/fr\/belgique-la-periode-de-tolerance-n-est-pas-un-report-peppol\/#primaryimage"},"thumbnailUrl":"https:\/\/www.abcinvoice.eu\/wp-content\/uploads\/2025\/12\/spfFinances.jpg","articleSection":["R\u00e8glementation"],"inLanguage":"fr-FR"},{"@type":"WebPage","@id":"https:\/\/www.abcinvoice.eu\/fr\/belgique-la-periode-de-tolerance-n-est-pas-un-report-peppol\/","url":"https:\/\/www.abcinvoice.eu\/fr\/belgique-la-periode-de-tolerance-n-est-pas-un-report-peppol\/","name":"Belgique : la p\u00e9riode de tol\u00e9rance n'est pas un report ! - ABCinvoice.eu","isPartOf":{"@id":"https:\/\/www.abcinvoice.eu\/fr\/#website"},"primaryImageOfPage":{"@id":"https:\/\/www.abcinvoice.eu\/fr\/belgique-la-periode-de-tolerance-n-est-pas-un-report-peppol\/#primaryimage"},"image":{"@id":"https:\/\/www.abcinvoice.eu\/fr\/belgique-la-periode-de-tolerance-n-est-pas-un-report-peppol\/#primaryimage"},"thumbnailUrl":"https:\/\/www.abcinvoice.eu\/wp-content\/uploads\/2025\/12\/spfFinances.jpg","datePublished":"2025-12-02T13:02:00+00:00","dateModified":"2025-12-06T13:14:09+00:00","breadcrumb":{"@id":"https:\/\/www.abcinvoice.eu\/fr\/belgique-la-periode-de-tolerance-n-est-pas-un-report-peppol\/#breadcrumb"},"inLanguage":"fr-FR","potentialAction":[{"@type":"ReadAction","target":["https:\/\/www.abcinvoice.eu\/fr\/belgique-la-periode-de-tolerance-n-est-pas-un-report-peppol\/"]}]},{"@type":"ImageObject","inLanguage":"fr-FR","@id":"https:\/\/www.abcinvoice.eu\/fr\/belgique-la-periode-de-tolerance-n-est-pas-un-report-peppol\/#primaryimage","url":"https:\/\/www.abcinvoice.eu\/wp-content\/uploads\/2025\/12\/spfFinances.jpg","contentUrl":"https:\/\/www.abcinvoice.eu\/wp-content\/uploads\/2025\/12\/spfFinances.jpg","width":300,"height":168},{"@type":"BreadcrumbList","@id":"https:\/\/www.abcinvoice.eu\/fr\/belgique-la-periode-de-tolerance-n-est-pas-un-report-peppol\/#breadcrumb","itemListElement":[{"@type":"ListItem","position":1,"name":"Accueil","item":"https:\/\/www.abcinvoice.eu\/fr\/"},{"@type":"ListItem","position":2,"name":"Belgique : la p\u00e9riode de tol\u00e9rance n&rsquo;est pas un report !"}]},{"@type":"WebSite","@id":"https:\/\/www.abcinvoice.eu\/fr\/#website","url":"https:\/\/www.abcinvoice.eu\/fr\/","name":"ABCinvoice.eu","description":"La facturation \u00e9lectronique facile","publisher":{"@id":"https:\/\/www.abcinvoice.eu\/fr\/#organization"},"potentialAction":[{"@type":"SearchAction","target":{"@type":"EntryPoint","urlTemplate":"https:\/\/www.abcinvoice.eu\/fr\/?s={search_term_string}"},"query-input":{"@type":"PropertyValueSpecification","valueRequired":true,"valueName":"search_term_string"}}],"inLanguage":"fr-FR"},{"@type":"Organization","@id":"https:\/\/www.abcinvoice.eu\/fr\/#organization","name":"ABCinvoice.eu","url":"https:\/\/www.abcinvoice.eu\/fr\/","logo":{"@type":"ImageObject","inLanguage":"fr-FR","@id":"https:\/\/www.abcinvoice.eu\/fr\/#\/schema\/logo\/image\/","url":"https:\/\/www.abcinvoice.eu\/wp-content\/uploads\/2025\/06\/Fichier-101@2x.png","contentUrl":"https:\/\/www.abcinvoice.eu\/wp-content\/uploads\/2025\/06\/Fichier-101@2x.png","width":1234,"height":155,"caption":"ABCinvoice.eu"},"image":{"@id":"https:\/\/www.abcinvoice.eu\/fr\/#\/schema\/logo\/image\/"}},{"@type":"Person","@id":"https:\/\/www.abcinvoice.eu\/fr\/#\/schema\/person\/1d28d943cfad638d2444954753dcc667","name":"ABCinvoice","image":{"@type":"ImageObject","inLanguage":"fr-FR","@id":"https:\/\/secure.gravatar.com\/avatar\/2496994647e21e955bac5cb71b6f1dd11a324ce75f23cad98e63784a7240b337?s=96&d=mm&r=g","url":"https:\/\/secure.gravatar.com\/avatar\/2496994647e21e955bac5cb71b6f1dd11a324ce75f23cad98e63784a7240b337?s=96&d=mm&r=g","contentUrl":"https:\/\/secure.gravatar.com\/avatar\/2496994647e21e955bac5cb71b6f1dd11a324ce75f23cad98e63784a7240b337?s=96&d=mm&r=g","caption":"ABCinvoice"},"url":"https:\/\/www.abcinvoice.eu\/fr\/author\/aurelie\/"}]}},"jetpack_featured_media_url":"https:\/\/www.abcinvoice.eu\/wp-content\/uploads\/2025\/12\/spfFinances.jpg","jetpack_sharing_enabled":true,"_links":{"self":[{"href":"https:\/\/www.abcinvoice.eu\/fr\/wp-json\/wp\/v2\/posts\/4534","targetHints":{"allow":["GET"]}}],"collection":[{"href":"https:\/\/www.abcinvoice.eu\/fr\/wp-json\/wp\/v2\/posts"}],"about":[{"href":"https:\/\/www.abcinvoice.eu\/fr\/wp-json\/wp\/v2\/types\/post"}],"author":[{"embeddable":true,"href":"https:\/\/www.abcinvoice.eu\/fr\/wp-json\/wp\/v2\/users\/3"}],"replies":[{"embeddable":true,"href":"https:\/\/www.abcinvoice.eu\/fr\/wp-json\/wp\/v2\/comments?post=4534"}],"version-history":[{"count":2,"href":"https:\/\/www.abcinvoice.eu\/fr\/wp-json\/wp\/v2\/posts\/4534\/revisions"}],"predecessor-version":[{"id":4539,"href":"https:\/\/www.abcinvoice.eu\/fr\/wp-json\/wp\/v2\/posts\/4534\/revisions\/4539"}],"wp:featuredmedia":[{"embeddable":true,"href":"https:\/\/www.abcinvoice.eu\/fr\/wp-json\/wp\/v2\/media\/4535"}],"wp:attachment":[{"href":"https:\/\/www.abcinvoice.eu\/fr\/wp-json\/wp\/v2\/media?parent=4534"}],"wp:term":[{"taxonomy":"category","embeddable":true,"href":"https:\/\/www.abcinvoice.eu\/fr\/wp-json\/wp\/v2\/categories?post=4534"},{"taxonomy":"post_tag","embeddable":true,"href":"https:\/\/www.abcinvoice.eu\/fr\/wp-json\/wp\/v2\/tags?post=4534"}],"curies":[{"name":"wp","href":"https:\/\/api.w.org\/{rel}","templated":true}]}}