{"id":4423,"date":"2025-11-24T11:44:59","date_gmt":"2025-11-24T10:44:59","guid":{"rendered":"http:\/\/www.abcinvoice.eu\/?p=4423"},"modified":"2025-12-22T14:32:13","modified_gmt":"2025-12-22T13:32:13","slug":"facture-mentions-obligatoires-en-france","status":"publish","type":"post","link":"https:\/\/www.abcinvoice.eu\/fr\/facture-mentions-obligatoires-en-france\/","title":{"rendered":"Facture : quelles sont les mentions obligatoires en France\u00a0?"},"content":{"rendered":"\t\t<div data-elementor-type=\"wp-post\" data-elementor-id=\"4423\" class=\"elementor elementor-4423\" data-elementor-post-type=\"post\">\n\t\t\t\t<div class=\"elementor-element elementor-element-ed70408 e-flex e-con-boxed e-con e-parent\" data-id=\"ed70408\" data-element_type=\"container\">\n\t\t\t\t\t<div class=\"e-con-inner\">\n\t\t\t\t<div class=\"elementor-element elementor-element-c80e534 elementor-widget elementor-widget-text-editor\" data-id=\"c80e534\" data-element_type=\"widget\" data-widget_type=\"text-editor.default\">\n\t\t\t\t<div class=\"elementor-widget-container\">\n\t\t\t\t\t\t\t\t\t<section class=\"facture-fr\"><style>\n    .facture-fr{font-family:inherit; line-height:1.55;}<br \/>    .facture-fr h2{margin:0 0 12px 0; font-size:1.6em;}<br \/>    .facture-fr p{margin:0 0 14px 0;}<br \/>    .facture-fr .acc{border:1px solid #e6e6e6; border-radius:10px; margin:10px 0; overflow:hidden; background:#fff;}<br \/>    .facture-fr summary{cursor:pointer; list-style:none; padding:14px 16px; font-weight:600;}<br \/>    .facture-fr summary::-webkit-details-marker{display:none;}<br \/>    .facture-fr .acc[open] summary{border-bottom:1px solid #eee;}<br \/>    .facture-fr .acc .content{padding:12px 16px;}<br \/>    .facture-fr ul{margin:8px 0 0 18px;}<br \/>    .facture-fr li{margin:6px 0;}<br \/>    .facture-fr table{width:100%; border-collapse:collapse; margin-top:10px; font-size:0.98em;}<br \/>    .facture-fr th,.facture-fr td{border:1px solid #e6e6e6; padding:10px; vertical-align:top;}<br \/>    .facture-fr th{background:#f7f7f7; text-align:left;}<br \/>    .facture-fr .note{font-size:0.95em; opacity:0.9; margin-top:10px;}<br \/>  <\/style><h2>Mentions obligatoires sur une facture en France<\/h2><p>En France, une facture doit comporter un ensemble de mentions obligatoires. Leur absence ou inexactitude peut<br \/>entra\u00eener des sanctions. Les \u00e9l\u00e9ments ci-dessous constituent une synth\u00e8se des exigences g\u00e9n\u00e9ralement applicables.<\/p><details class=\"acc\"><summary>1) Mentions g\u00e9n\u00e9rales obligatoires (identification &amp; contenu)<\/summary><div class=\"content\"><ul><li><strong>Date d\u2019\u00e9mission<\/strong> de la facture<\/li><li><strong>Num\u00e9ro<\/strong> de facture (num\u00e9rotation unique, bas\u00e9e sur une s\u00e9quence chronologique continue)<\/li><li><strong>Identit\u00e9 du vendeur \/ prestataire<\/strong> : d\u00e9nomination (ou nom\/pr\u00e9nom), adresse du si\u00e8ge, <strong>SIREN\/SIRET<\/strong>, forme juridique, capital social (le cas \u00e9ch\u00e9ant), <strong>n\u00b0 TVA intracommunautaire<\/strong> si assujetti<\/li><li><strong>Identit\u00e9 du client<\/strong> : d\u00e9nomination (ou nom\/pr\u00e9nom) et adresse (facturation ; livraison si diff\u00e9rente)<\/li><li><strong>Date de la vente \/ prestation<\/strong> (si diff\u00e9rente de la date d\u2019\u00e9mission)<\/li><li><strong>D\u00e9signation<\/strong> des biens\/services (description, quantit\u00e9, prix unitaire HT)<\/li><li><strong>Totaux<\/strong> : montant HT, taux de TVA par ligne (si applicable), montants de TVA par taux, total TTC<\/li><\/ul><\/div><\/details><details class=\"acc\"><summary>2) Mentions relatives au paiement (\u00e9ch\u00e9ance, escompte, retard)<\/summary><div class=\"content\"><ul><li><strong>Date d\u2019\u00e9ch\u00e9ance<\/strong> (ou d\u00e9lai de paiement)<\/li><li><strong>Conditions d\u2019escompte<\/strong> en cas de paiement anticip\u00e9 (ex. \u00ab Escompte pour paiement anticip\u00e9 : n\u00e9ant \u00bb)<\/li><li><strong>Taux des p\u00e9nalit\u00e9s de retard<\/strong> exigibles en cas de non-paiement \u00e0 l\u2019\u00e9ch\u00e9ance<\/li><li><strong>Indemnit\u00e9 forfaitaire pour frais de recouvrement : 40 \u20ac<\/strong> (en cas de retard de paiement, entre professionnels)<\/li><\/ul><p class=\"note\">R\u00e9f\u00e9rence l\u00e9gale : ces informations figurent notamment dans le Code de commerce (r\u00e8gles de facturation et de retard de paiement).<\/p><\/div><\/details><details class=\"acc\"><summary>3) Tableau des mentions TVA (selon le cas)<\/summary><div class=\"content\"><p>Selon le r\u00e9gime ou la situation, une mention sp\u00e9cifique doit \u00eatre port\u00e9e sur la facture.<\/p><table><thead><tr><th>Cas<\/th><th>Mention<\/th><\/tr><\/thead><tbody><tr><td>Op\u00e9ration soumise \u00e0 la TVA fran\u00e7aise<\/td><td>\u00ab TVA au taux de X % \u00bb<\/td><\/tr><tr><td>Franchise en base (TVA non applicable)<\/td><td>\u00ab TVA non applicable, article 293 B du CGI \u00bb<\/td><\/tr><tr><td>Prestations de services B2B dans l\u2019UE (autoliquidation par le client)<\/td><td>\u00ab Autoliquidation \u2014 article 196 de la directive 2006\/112\/CE \u00bb<\/td><\/tr><tr><td>Livraison intracommunautaire de biens exon\u00e9r\u00e9e<\/td><td>\u00ab Exon\u00e9ration de TVA \u2014 article 262 ter I du CGI \u00bb<\/td><\/tr><tr><td>Autoliquidation (cas sp\u00e9cifiques pr\u00e9vus par le CGI, ex. certains travaux)<\/td><td>\u00ab Autoliquidation de la TVA \u2014 article 283-2 du CGI \u00bb<\/td><\/tr><tr><td>Exportation hors UE<\/td><td>\u00ab Exon\u00e9ration de TVA \u2014 article 262 I du CGI \u00bb<\/td><\/tr><tr><td>R\u00e9gime particulier : TVA sur la marge (biens d\u2019occasion, etc.)<\/td><td>\u00ab R\u00e9gime particulier \u2014 TVA sur la marge \u2014 article 297 A du CGI \u00bb<\/td><\/tr><\/tbody><\/table><p class=\"note\">Les formulations ci-dessus correspondent \u00e0 des pratiques courantes et \u00e0 des renvois r\u00e9glementaires fr\u00e9quemment utilis\u00e9s ; elles doivent \u00eatre adapt\u00e9es au r\u00e9gime applicable \u00e0 l\u2019op\u00e9ration.<\/p><\/div><\/details><details class=\"acc\"><summary>4) Mentions compl\u00e9mentaires selon la situation<\/summary><div class=\"content\"><ul><li><strong>Facture d\u2019acompte<\/strong> : mention explicite \u00ab facture d\u2019acompte \u00bb<\/li><li><strong>Avoir \/ note de cr\u00e9dit<\/strong> : mention \u00ab facture d\u2019avoir \u00bb et r\u00e9f\u00e9rence \u00e0 la facture initiale<\/li><li><strong>Adresse de livraison<\/strong> si diff\u00e9rente de l\u2019adresse de facturation<\/li><li><strong>Mentions sectorielles<\/strong> ou cas particuliers (ex. certaines activit\u00e9s r\u00e9glement\u00e9es)<\/li><\/ul><\/div><\/details><details class=\"acc\"><summary>5) Sanctions et risques en cas d\u2019omission<\/summary><div class=\"content\"><p>Le non-respect des r\u00e8gles de facturation peut entra\u00eener des sanctions administratives et fiscales, ainsi que des risques<br \/>lors d\u2019un contr\u00f4le (notamment en mati\u00e8re de TVA). Les r\u00e9gimes de sanction varient selon la nature du manquement.<\/p><p class=\"note\">Pour une information d\u00e9taill\u00e9e et \u00e0 jour, se r\u00e9f\u00e9rer aux pages officielles (Service-Public, Minist\u00e8re de l\u2019\u00c9conomie \/ DGFiP).<\/p><\/div><\/details><h3>Ce qui change avec la facturation \u00e9lectronique<\/h3><p>La r\u00e9forme de la facturation \u00e9lectronique <b>ne supprime pas les mentions obligatoires<\/b> : la facture reste un document<br \/>comportant les <b>m\u00eames informations de fond<\/b>. En revanche, la r\u00e9forme impose progressivement des <strong>modalit\u00e9s de transmission<\/strong><br \/>et des <strong>formats<\/strong> compatibles avec les dispositifs retenus par l\u2019administration (factures \u00e9lectroniques entre entreprises,<br \/>et \u201ce-reporting\u201d pour certaines op\u00e9rations). Le calendrier de g\u00e9n\u00e9ralisation pr\u00e9voit notamment une obligation d\u2019\u00e9mission<br \/>\u00e0 partir du <strong>1er septembre 2026<\/strong> pour les grandes entreprises et ETI, puis du <strong>1er septembre 2027<\/strong> pour les PME et micro-entreprises,<br \/>avec une mont\u00e9e en charge associ\u00e9e \u00e0 la r\u00e9ception pour l\u2019ensemble des entreprises.<\/p><h3>Conclusion<\/h3><p>Une facture conforme s\u00e9curise les relations commerciales et la gestion fiscale, en particulier sur la TVA. Il est recommand\u00e9<br \/>de maintenir un mod\u00e8le de facture \u00e0 jour et de v\u00e9rifier r\u00e9guli\u00e8rement les exigences applicables au regard de l\u2019activit\u00e9<br \/>et des op\u00e9rations r\u00e9alis\u00e9es.<\/p><\/section>\t\t\t\t\t\t\t\t<\/div>\n\t\t\t\t<\/div>\n\t\t\t\t\t<\/div>\n\t\t\t\t<\/div>\n\t\t\t\t<\/div>\n\t\t","protected":false},"excerpt":{"rendered":"<p>Mentions obligatoires sur une facture en France En France, une facture doit comporter un ensemble de mentions obligatoires. Leur absence ou inexactitude peutentra\u00eener des sanctions. Les \u00e9l\u00e9ments ci-dessous constituent une synth\u00e8se des exigences g\u00e9n\u00e9ralement applicables. 1) Mentions g\u00e9n\u00e9rales obligatoires (identification &amp; contenu) Date d\u2019\u00e9mission de la facture Num\u00e9ro de facture (num\u00e9rotation unique, bas\u00e9e sur une [&hellip;]<\/p>\n","protected":false},"author":3,"featured_media":4555,"comment_status":"closed","ping_status":"open","sticky":false,"template":"","format":"standard","meta":{"_jetpack_memberships_contains_paid_content":false,"footnotes":""},"categories":[21],"tags":[],"class_list":["post-4423","post","type-post","status-publish","format-standard","has-post-thumbnail","hentry","category-reglementation"],"yoast_head":"<!-- This site is optimized with the Yoast SEO plugin v27.5 - https:\/\/yoast.com\/product\/yoast-seo-wordpress\/ -->\n<title>Facture : mentions obligatoires en France - ABCinvoice.eu<\/title>\n<meta name=\"description\" content=\"Les mentions obligatoires sont : date, num\u00e9ro de facture, taux d&#039;escompte, votre num\u00e9ro de TVA intracom ainsi que celui du client\u2026\" \/>\n<meta name=\"robots\" content=\"index, follow, max-snippet:-1, max-image-preview:large, max-video-preview:-1\" \/>\n<link rel=\"canonical\" href=\"https:\/\/www.abcinvoice.eu\/fr\/facture-mentions-obligatoires-en-france\/\" \/>\n<meta property=\"og:locale\" content=\"fr_FR\" \/>\n<meta property=\"og:type\" content=\"article\" \/>\n<meta property=\"og:title\" content=\"Facture : mentions obligatoires en France - ABCinvoice.eu\" \/>\n<meta property=\"og:description\" content=\"Les mentions obligatoires sont : date, num\u00e9ro de facture, taux d&#039;escompte, votre num\u00e9ro de TVA intracom ainsi que celui du client\u2026\" \/>\n<meta property=\"og:url\" content=\"https:\/\/www.abcinvoice.eu\/fr\/facture-mentions-obligatoires-en-france\/\" \/>\n<meta property=\"og:site_name\" content=\"ABCinvoice.eu\" \/>\n<meta property=\"article:published_time\" content=\"2025-11-24T10:44:59+00:00\" \/>\n<meta property=\"article:modified_time\" content=\"2025-12-22T13:32:13+00:00\" \/>\n<meta property=\"og:image\" content=\"https:\/\/www.abcinvoice.eu\/wp-content\/uploads\/2025\/11\/Logo_de_la_Republique_francaise.png\" \/>\n\t<meta property=\"og:image:width\" content=\"800\" \/>\n\t<meta property=\"og:image:height\" content=\"471\" \/>\n\t<meta property=\"og:image:type\" content=\"image\/png\" \/>\n<meta name=\"author\" content=\"ABCinvoice\" \/>\n<meta name=\"twitter:card\" content=\"summary_large_image\" \/>\n<meta name=\"twitter:label1\" content=\"\u00c9crit par\" \/>\n\t<meta name=\"twitter:data1\" content=\"ABCinvoice\" \/>\n\t<meta name=\"twitter:label2\" content=\"Dur\u00e9e de lecture estim\u00e9e\" \/>\n\t<meta name=\"twitter:data2\" content=\"4 minutes\" \/>\n<script type=\"application\/ld+json\" class=\"yoast-schema-graph\">{\"@context\":\"https:\\\/\\\/schema.org\",\"@graph\":[{\"@type\":\"Article\",\"@id\":\"https:\\\/\\\/www.abcinvoice.eu\\\/fr\\\/facture-mentions-obligatoires-en-france\\\/#article\",\"isPartOf\":{\"@id\":\"https:\\\/\\\/www.abcinvoice.eu\\\/fr\\\/facture-mentions-obligatoires-en-france\\\/\"},\"author\":{\"name\":\"ABCinvoice\",\"@id\":\"https:\\\/\\\/www.abcinvoice.eu\\\/fr\\\/#\\\/schema\\\/person\\\/1d28d943cfad638d2444954753dcc667\"},\"headline\":\"Facture : quelles sont les mentions obligatoires en France\u00a0?\",\"datePublished\":\"2025-11-24T10:44:59+00:00\",\"dateModified\":\"2025-12-22T13:32:13+00:00\",\"mainEntityOfPage\":{\"@id\":\"https:\\\/\\\/www.abcinvoice.eu\\\/fr\\\/facture-mentions-obligatoires-en-france\\\/\"},\"wordCount\":698,\"publisher\":{\"@id\":\"https:\\\/\\\/www.abcinvoice.eu\\\/fr\\\/#organization\"},\"image\":{\"@id\":\"https:\\\/\\\/www.abcinvoice.eu\\\/fr\\\/facture-mentions-obligatoires-en-france\\\/#primaryimage\"},\"thumbnailUrl\":\"https:\\\/\\\/www.abcinvoice.eu\\\/wp-content\\\/uploads\\\/2025\\\/11\\\/Logo_de_la_Republique_francaise.png\",\"articleSection\":[\"R\u00e8glementation\"],\"inLanguage\":\"fr-FR\"},{\"@type\":\"WebPage\",\"@id\":\"https:\\\/\\\/www.abcinvoice.eu\\\/fr\\\/facture-mentions-obligatoires-en-france\\\/\",\"url\":\"https:\\\/\\\/www.abcinvoice.eu\\\/fr\\\/facture-mentions-obligatoires-en-france\\\/\",\"name\":\"Facture : mentions obligatoires en France - ABCinvoice.eu\",\"isPartOf\":{\"@id\":\"https:\\\/\\\/www.abcinvoice.eu\\\/fr\\\/#website\"},\"primaryImageOfPage\":{\"@id\":\"https:\\\/\\\/www.abcinvoice.eu\\\/fr\\\/facture-mentions-obligatoires-en-france\\\/#primaryimage\"},\"image\":{\"@id\":\"https:\\\/\\\/www.abcinvoice.eu\\\/fr\\\/facture-mentions-obligatoires-en-france\\\/#primaryimage\"},\"thumbnailUrl\":\"https:\\\/\\\/www.abcinvoice.eu\\\/wp-content\\\/uploads\\\/2025\\\/11\\\/Logo_de_la_Republique_francaise.png\",\"datePublished\":\"2025-11-24T10:44:59+00:00\",\"dateModified\":\"2025-12-22T13:32:13+00:00\",\"description\":\"Les mentions obligatoires sont : date, num\u00e9ro de facture, taux d'escompte, votre num\u00e9ro de TVA intracom ainsi que celui du client\u2026\",\"breadcrumb\":{\"@id\":\"https:\\\/\\\/www.abcinvoice.eu\\\/fr\\\/facture-mentions-obligatoires-en-france\\\/#breadcrumb\"},\"inLanguage\":\"fr-FR\",\"potentialAction\":[{\"@type\":\"ReadAction\",\"target\":[\"https:\\\/\\\/www.abcinvoice.eu\\\/fr\\\/facture-mentions-obligatoires-en-france\\\/\"]}]},{\"@type\":\"ImageObject\",\"inLanguage\":\"fr-FR\",\"@id\":\"https:\\\/\\\/www.abcinvoice.eu\\\/fr\\\/facture-mentions-obligatoires-en-france\\\/#primaryimage\",\"url\":\"https:\\\/\\\/www.abcinvoice.eu\\\/wp-content\\\/uploads\\\/2025\\\/11\\\/Logo_de_la_Republique_francaise.png\",\"contentUrl\":\"https:\\\/\\\/www.abcinvoice.eu\\\/wp-content\\\/uploads\\\/2025\\\/11\\\/Logo_de_la_Republique_francaise.png\",\"width\":800,\"height\":471},{\"@type\":\"BreadcrumbList\",\"@id\":\"https:\\\/\\\/www.abcinvoice.eu\\\/fr\\\/facture-mentions-obligatoires-en-france\\\/#breadcrumb\",\"itemListElement\":[{\"@type\":\"ListItem\",\"position\":1,\"name\":\"Accueil\",\"item\":\"https:\\\/\\\/www.abcinvoice.eu\\\/fr\\\/\"},{\"@type\":\"ListItem\",\"position\":2,\"name\":\"Facture : quelles sont les mentions obligatoires en France\u00a0?\"}]},{\"@type\":\"WebSite\",\"@id\":\"https:\\\/\\\/www.abcinvoice.eu\\\/fr\\\/#website\",\"url\":\"https:\\\/\\\/www.abcinvoice.eu\\\/fr\\\/\",\"name\":\"ABCinvoice.eu\",\"description\":\"La facturation \u00e9lectronique facile\",\"publisher\":{\"@id\":\"https:\\\/\\\/www.abcinvoice.eu\\\/fr\\\/#organization\"},\"potentialAction\":[{\"@type\":\"SearchAction\",\"target\":{\"@type\":\"EntryPoint\",\"urlTemplate\":\"https:\\\/\\\/www.abcinvoice.eu\\\/fr\\\/?s={search_term_string}\"},\"query-input\":{\"@type\":\"PropertyValueSpecification\",\"valueRequired\":true,\"valueName\":\"search_term_string\"}}],\"inLanguage\":\"fr-FR\"},{\"@type\":\"Organization\",\"@id\":\"https:\\\/\\\/www.abcinvoice.eu\\\/fr\\\/#organization\",\"name\":\"ABCinvoice.eu\",\"url\":\"https:\\\/\\\/www.abcinvoice.eu\\\/fr\\\/\",\"logo\":{\"@type\":\"ImageObject\",\"inLanguage\":\"fr-FR\",\"@id\":\"https:\\\/\\\/www.abcinvoice.eu\\\/fr\\\/#\\\/schema\\\/logo\\\/image\\\/\",\"url\":\"https:\\\/\\\/www.abcinvoice.eu\\\/wp-content\\\/uploads\\\/2025\\\/06\\\/Fichier-101@2x.png\",\"contentUrl\":\"https:\\\/\\\/www.abcinvoice.eu\\\/wp-content\\\/uploads\\\/2025\\\/06\\\/Fichier-101@2x.png\",\"width\":1234,\"height\":155,\"caption\":\"ABCinvoice.eu\"},\"image\":{\"@id\":\"https:\\\/\\\/www.abcinvoice.eu\\\/fr\\\/#\\\/schema\\\/logo\\\/image\\\/\"}},{\"@type\":\"Person\",\"@id\":\"https:\\\/\\\/www.abcinvoice.eu\\\/fr\\\/#\\\/schema\\\/person\\\/1d28d943cfad638d2444954753dcc667\",\"name\":\"ABCinvoice\",\"image\":{\"@type\":\"ImageObject\",\"inLanguage\":\"fr-FR\",\"@id\":\"https:\\\/\\\/secure.gravatar.com\\\/avatar\\\/2496994647e21e955bac5cb71b6f1dd11a324ce75f23cad98e63784a7240b337?s=96&d=mm&r=g\",\"url\":\"https:\\\/\\\/secure.gravatar.com\\\/avatar\\\/2496994647e21e955bac5cb71b6f1dd11a324ce75f23cad98e63784a7240b337?s=96&d=mm&r=g\",\"contentUrl\":\"https:\\\/\\\/secure.gravatar.com\\\/avatar\\\/2496994647e21e955bac5cb71b6f1dd11a324ce75f23cad98e63784a7240b337?s=96&d=mm&r=g\",\"caption\":\"ABCinvoice\"},\"url\":\"https:\\\/\\\/www.abcinvoice.eu\\\/fr\\\/author\\\/aurelie\\\/\"}]}<\/script>\n<!-- \/ Yoast SEO plugin. -->","yoast_head_json":{"title":"Facture : mentions obligatoires en France - ABCinvoice.eu","description":"Les mentions obligatoires sont : date, num\u00e9ro de facture, taux d'escompte, votre num\u00e9ro de TVA intracom ainsi que celui du client\u2026","robots":{"index":"index","follow":"follow","max-snippet":"max-snippet:-1","max-image-preview":"max-image-preview:large","max-video-preview":"max-video-preview:-1"},"canonical":"https:\/\/www.abcinvoice.eu\/fr\/facture-mentions-obligatoires-en-france\/","og_locale":"fr_FR","og_type":"article","og_title":"Facture : mentions obligatoires en France - ABCinvoice.eu","og_description":"Les mentions obligatoires sont : date, num\u00e9ro de facture, taux d'escompte, votre num\u00e9ro de TVA intracom ainsi que celui du client\u2026","og_url":"https:\/\/www.abcinvoice.eu\/fr\/facture-mentions-obligatoires-en-france\/","og_site_name":"ABCinvoice.eu","article_published_time":"2025-11-24T10:44:59+00:00","article_modified_time":"2025-12-22T13:32:13+00:00","og_image":[{"width":800,"height":471,"url":"https:\/\/www.abcinvoice.eu\/wp-content\/uploads\/2025\/11\/Logo_de_la_Republique_francaise.png","type":"image\/png"}],"author":"ABCinvoice","twitter_card":"summary_large_image","twitter_misc":{"\u00c9crit par":"ABCinvoice","Dur\u00e9e de lecture estim\u00e9e":"4 minutes"},"schema":{"@context":"https:\/\/schema.org","@graph":[{"@type":"Article","@id":"https:\/\/www.abcinvoice.eu\/fr\/facture-mentions-obligatoires-en-france\/#article","isPartOf":{"@id":"https:\/\/www.abcinvoice.eu\/fr\/facture-mentions-obligatoires-en-france\/"},"author":{"name":"ABCinvoice","@id":"https:\/\/www.abcinvoice.eu\/fr\/#\/schema\/person\/1d28d943cfad638d2444954753dcc667"},"headline":"Facture : quelles sont les mentions obligatoires en France\u00a0?","datePublished":"2025-11-24T10:44:59+00:00","dateModified":"2025-12-22T13:32:13+00:00","mainEntityOfPage":{"@id":"https:\/\/www.abcinvoice.eu\/fr\/facture-mentions-obligatoires-en-france\/"},"wordCount":698,"publisher":{"@id":"https:\/\/www.abcinvoice.eu\/fr\/#organization"},"image":{"@id":"https:\/\/www.abcinvoice.eu\/fr\/facture-mentions-obligatoires-en-france\/#primaryimage"},"thumbnailUrl":"https:\/\/www.abcinvoice.eu\/wp-content\/uploads\/2025\/11\/Logo_de_la_Republique_francaise.png","articleSection":["R\u00e8glementation"],"inLanguage":"fr-FR"},{"@type":"WebPage","@id":"https:\/\/www.abcinvoice.eu\/fr\/facture-mentions-obligatoires-en-france\/","url":"https:\/\/www.abcinvoice.eu\/fr\/facture-mentions-obligatoires-en-france\/","name":"Facture : mentions obligatoires en France - ABCinvoice.eu","isPartOf":{"@id":"https:\/\/www.abcinvoice.eu\/fr\/#website"},"primaryImageOfPage":{"@id":"https:\/\/www.abcinvoice.eu\/fr\/facture-mentions-obligatoires-en-france\/#primaryimage"},"image":{"@id":"https:\/\/www.abcinvoice.eu\/fr\/facture-mentions-obligatoires-en-france\/#primaryimage"},"thumbnailUrl":"https:\/\/www.abcinvoice.eu\/wp-content\/uploads\/2025\/11\/Logo_de_la_Republique_francaise.png","datePublished":"2025-11-24T10:44:59+00:00","dateModified":"2025-12-22T13:32:13+00:00","description":"Les mentions obligatoires sont : date, num\u00e9ro de facture, taux d'escompte, votre num\u00e9ro de TVA intracom ainsi que celui du client\u2026","breadcrumb":{"@id":"https:\/\/www.abcinvoice.eu\/fr\/facture-mentions-obligatoires-en-france\/#breadcrumb"},"inLanguage":"fr-FR","potentialAction":[{"@type":"ReadAction","target":["https:\/\/www.abcinvoice.eu\/fr\/facture-mentions-obligatoires-en-france\/"]}]},{"@type":"ImageObject","inLanguage":"fr-FR","@id":"https:\/\/www.abcinvoice.eu\/fr\/facture-mentions-obligatoires-en-france\/#primaryimage","url":"https:\/\/www.abcinvoice.eu\/wp-content\/uploads\/2025\/11\/Logo_de_la_Republique_francaise.png","contentUrl":"https:\/\/www.abcinvoice.eu\/wp-content\/uploads\/2025\/11\/Logo_de_la_Republique_francaise.png","width":800,"height":471},{"@type":"BreadcrumbList","@id":"https:\/\/www.abcinvoice.eu\/fr\/facture-mentions-obligatoires-en-france\/#breadcrumb","itemListElement":[{"@type":"ListItem","position":1,"name":"Accueil","item":"https:\/\/www.abcinvoice.eu\/fr\/"},{"@type":"ListItem","position":2,"name":"Facture : quelles sont les mentions obligatoires en France\u00a0?"}]},{"@type":"WebSite","@id":"https:\/\/www.abcinvoice.eu\/fr\/#website","url":"https:\/\/www.abcinvoice.eu\/fr\/","name":"ABCinvoice.eu","description":"La facturation \u00e9lectronique facile","publisher":{"@id":"https:\/\/www.abcinvoice.eu\/fr\/#organization"},"potentialAction":[{"@type":"SearchAction","target":{"@type":"EntryPoint","urlTemplate":"https:\/\/www.abcinvoice.eu\/fr\/?s={search_term_string}"},"query-input":{"@type":"PropertyValueSpecification","valueRequired":true,"valueName":"search_term_string"}}],"inLanguage":"fr-FR"},{"@type":"Organization","@id":"https:\/\/www.abcinvoice.eu\/fr\/#organization","name":"ABCinvoice.eu","url":"https:\/\/www.abcinvoice.eu\/fr\/","logo":{"@type":"ImageObject","inLanguage":"fr-FR","@id":"https:\/\/www.abcinvoice.eu\/fr\/#\/schema\/logo\/image\/","url":"https:\/\/www.abcinvoice.eu\/wp-content\/uploads\/2025\/06\/Fichier-101@2x.png","contentUrl":"https:\/\/www.abcinvoice.eu\/wp-content\/uploads\/2025\/06\/Fichier-101@2x.png","width":1234,"height":155,"caption":"ABCinvoice.eu"},"image":{"@id":"https:\/\/www.abcinvoice.eu\/fr\/#\/schema\/logo\/image\/"}},{"@type":"Person","@id":"https:\/\/www.abcinvoice.eu\/fr\/#\/schema\/person\/1d28d943cfad638d2444954753dcc667","name":"ABCinvoice","image":{"@type":"ImageObject","inLanguage":"fr-FR","@id":"https:\/\/secure.gravatar.com\/avatar\/2496994647e21e955bac5cb71b6f1dd11a324ce75f23cad98e63784a7240b337?s=96&d=mm&r=g","url":"https:\/\/secure.gravatar.com\/avatar\/2496994647e21e955bac5cb71b6f1dd11a324ce75f23cad98e63784a7240b337?s=96&d=mm&r=g","contentUrl":"https:\/\/secure.gravatar.com\/avatar\/2496994647e21e955bac5cb71b6f1dd11a324ce75f23cad98e63784a7240b337?s=96&d=mm&r=g","caption":"ABCinvoice"},"url":"https:\/\/www.abcinvoice.eu\/fr\/author\/aurelie\/"}]}},"jetpack_featured_media_url":"https:\/\/www.abcinvoice.eu\/wp-content\/uploads\/2025\/11\/Logo_de_la_Republique_francaise.png","jetpack_sharing_enabled":true,"_links":{"self":[{"href":"https:\/\/www.abcinvoice.eu\/fr\/wp-json\/wp\/v2\/posts\/4423","targetHints":{"allow":["GET"]}}],"collection":[{"href":"https:\/\/www.abcinvoice.eu\/fr\/wp-json\/wp\/v2\/posts"}],"about":[{"href":"https:\/\/www.abcinvoice.eu\/fr\/wp-json\/wp\/v2\/types\/post"}],"author":[{"embeddable":true,"href":"https:\/\/www.abcinvoice.eu\/fr\/wp-json\/wp\/v2\/users\/3"}],"replies":[{"embeddable":true,"href":"https:\/\/www.abcinvoice.eu\/fr\/wp-json\/wp\/v2\/comments?post=4423"}],"version-history":[{"count":8,"href":"https:\/\/www.abcinvoice.eu\/fr\/wp-json\/wp\/v2\/posts\/4423\/revisions"}],"predecessor-version":[{"id":4718,"href":"https:\/\/www.abcinvoice.eu\/fr\/wp-json\/wp\/v2\/posts\/4423\/revisions\/4718"}],"wp:featuredmedia":[{"embeddable":true,"href":"https:\/\/www.abcinvoice.eu\/fr\/wp-json\/wp\/v2\/media\/4555"}],"wp:attachment":[{"href":"https:\/\/www.abcinvoice.eu\/fr\/wp-json\/wp\/v2\/media?parent=4423"}],"wp:term":[{"taxonomy":"category","embeddable":true,"href":"https:\/\/www.abcinvoice.eu\/fr\/wp-json\/wp\/v2\/categories?post=4423"},{"taxonomy":"post_tag","embeddable":true,"href":"https:\/\/www.abcinvoice.eu\/fr\/wp-json\/wp\/v2\/tags?post=4423"}],"curies":[{"name":"wp","href":"https:\/\/api.w.org\/{rel}","templated":true}]}}