{"id":28,"date":"2025-05-12T09:01:05","date_gmt":"2025-05-12T07:01:05","guid":{"rendered":"https:\/\/www.facture-electronique-facile.eu\/?p=28"},"modified":"2025-08-06T13:42:35","modified_gmt":"2025-08-06T11:42:35","slug":"dematerialisation-et-facturation-electronique-attention-a-ne-pas-confondre","status":"publish","type":"post","link":"https:\/\/www.abcinvoice.eu\/fr\/dematerialisation-et-facturation-electronique-attention-a-ne-pas-confondre\/","title":{"rendered":"D\u00e9mat\u00e9rialisation et facturation \u00e9lectronique : attention \u00e0 ne pas confondre"},"content":{"rendered":"\n<h2 class=\"wp-block-heading\"><strong>Scanner une facture, ce n\u2019est pas de la facturation \u00e9lectronique<\/strong><\/h2>\n\n\n\n<p>Avec l&rsquo;arriv\u00e9e de la <strong>r\u00e9forme de la facturation \u00e9lectronique<\/strong>, beaucoup d\u2019entreprises pensent \u00e0 tort que <strong>scanner une facture papier ou cr\u00e9er un PDF<\/strong> et l&rsquo;envoyer par email suffit \u00e0 \u00eatre en conformit\u00e9. Pourtant, <strong>ce n\u2019est pas du tout le cas.<\/strong> La facturation \u00e9lectronique impose des exigences pr\u00e9cises, bien au-del\u00e0 de la simple num\u00e9risation d&rsquo;un document.<\/p>\n\n\n\n<p>Dans cet article, nous allons clarifier la diff\u00e9rence entre <strong>une facture PDF<\/strong> et <strong>la facturation \u00e9lectronique<\/strong>, expliquer pourquoi cette distinction est cruciale pour la <strong>conformit\u00e9 l\u00e9gale<\/strong>, et d\u00e9tailler ce que la r\u00e9forme impose exactement aux entreprises.<\/p>\n\n\n\n<h3 class=\"wp-block-heading\"> <br><strong>La vraie diff\u00e9rence entre scanner une facture et la facturation \u00e9lectronique<\/strong><\/h3>\n\n\n\n<p><strong>Scanner une facture<\/strong> ou la <strong>convertir en PDF<\/strong> peut sembler \u00eatre une solution pratique pour d\u00e9mat\u00e9rialiser une facture papier. Mais ce processus est loin de r\u00e9pondre aux exigences l\u00e9gales de la <strong>facturation \u00e9lectronique<\/strong>.<\/p>\n\n\n\n<h3 class=\"wp-block-heading\"><strong>Facture PDF :<\/strong><\/h3>\n\n\n\n<ul class=\"wp-block-list\">\n<li>Le PDF est une \u00ab\u00a0<strong>image\u00a0\u00bb du document original<\/strong>, et n&rsquo;est pas structur\u00e9 de mani\u00e8re \u00e0 \u00eatre trait\u00e9 automatiquement par des syst\u00e8mes comptables ou fiscaux.<\/li>\n\n\n\n<li>Ce fichier est simplement un <strong>support de communication \u00e9lectronique<\/strong>, qui n\u2019est pas int\u00e9gr\u00e9 dans un processus de <strong>gestion automatique des donn\u00e9es<\/strong>.<\/li>\n<\/ul>\n\n\n\n<h3 class=\"wp-block-heading\"><strong>Facturation \u00e9lectronique :<\/strong><\/h3>\n\n\n\n<ul class=\"wp-block-list\">\n<li>Une <strong>facture \u00e9lectronique<\/strong>, quant \u00e0 elle, doit respecter un format structur\u00e9, comme <strong>Factur-X<\/strong> ou <strong>UBL<\/strong>, qui permet une <strong>lecture automatique<\/strong> des informations par des logiciels et des syst\u00e8mes fiscaux.<\/li>\n\n\n\n<li>Elle doit \u00eatre envoy\u00e9e via des plateformes certifi\u00e9es et s\u00e9curis\u00e9es, et \u00eatre archiv\u00e9e dans un format d\u00e9fini pour garantir son authenticit\u00e9 et son int\u00e9grit\u00e9.<\/li>\n\n\n\n<li>Ce n&rsquo;est pas simplement une <strong>image<\/strong> du document, mais une <strong>donn\u00e9e<\/strong> qui peut \u00eatre automatiquement int\u00e9gr\u00e9e, v\u00e9rifi\u00e9e, et conserv\u00e9e conform\u00e9ment aux exigences l\u00e9gales.<\/li>\n<\/ul>\n\n\n\n<h3 class=\"wp-block-heading\"> <br><strong>Pourquoi c\u2019est important pour la conformit\u00e9 ?<\/strong><\/h3>\n\n\n\n<p>Avec la r\u00e9forme de la facturation \u00e9lectronique, <strong>la conformit\u00e9 l\u00e9gale<\/strong> est devenue un enjeu majeur pour toutes les entreprises. Cr\u00e9er des factures PDF, m\u00eame si cela permet de r\u00e9duire l\u2019utilisation de papier, ne vous met pas en conformit\u00e9 avec les exigences de la loi.<\/p>\n\n\n\n<h3 class=\"wp-block-heading\"><strong>Qu\u2019est-ce que la r\u00e9forme impose ?<\/strong><\/h3>\n\n\n\n<p>La r\u00e9forme de la facturation \u00e9lectronique impose un certain nombre de r\u00e8gles et d\u2019exigences strictes :<\/p>\n\n\n\n<ul class=\"wp-block-list\">\n<li><strong>Format structur\u00e9<\/strong> : La facture doit \u00eatre envoy\u00e9e dans un format \u00e9lectronique <strong>structur\u00e9<\/strong> (comme <strong>Factur-X<\/strong> ou <strong>UBL<\/strong>), et non sous forme de PDF ou d\u2019image scann\u00e9e.<\/li>\n\n\n\n<li><strong>Plateformes de d\u00e9mat\u00e9rialisation<\/strong> : Les factures doivent \u00eatre transmises via des plateformes agr\u00e9\u00e9es, et non directement entre le fournisseur et le client.<\/li>\n\n\n\n<li><strong>Archivage s\u00e9curis\u00e9<\/strong> : Les factures \u00e9lectroniques doivent \u00eatre archiv\u00e9es de mani\u00e8re s\u00e9curis\u00e9e, conform\u00e9ment aux r\u00e8gles fiscales. Elles doivent pouvoir \u00eatre consult\u00e9es \u00e0 tout moment, pendant toute la dur\u00e9e l\u00e9gale de conservation.<\/li>\n<\/ul>\n\n\n\n<h3 class=\"wp-block-heading\"> <br>Les factures PDF vont-elles dispara\u00eetre ?<\/h3>\n\n\n\n<p>Non, le format de facture \u00e9lectronique FacturX est compos\u00e9 d\u2019un PDF lisible dans lequel les donn\u00e9es au format structur\u00e9es sont int\u00e9gr\u00e9es. Pour les autres format (UBL et CII), un \u00ab\u00a0lisible PDF\u00a0\u00bb peut \u00eatre g\u00e9n\u00e9r\u00e9 \u00e0 partir des donn\u00e9es structur\u00e9es. Cette prestation est int\u00e9gr\u00e9e dans le service propos\u00e9 par ABCinvoice.eu.<\/p>\n\n\n\n<p>Mais l\u00e0 o\u00f9 ABCinvoice.eu fait plus fort, c&rsquo;est qu&rsquo;il vous permet de g\u00e9n\u00e9rer un document Factur-X \u00e0 partir d&rsquo;un PDF. Autrement dit : vous n&rsquo;avez rien \u00e0 changer dans vos habitudes, si ce n&rsquo;est que les PDF doivent \u00eatre envoy\u00e9s \u00e0 ABCinvoice.eu au lieu du client. Ce dernier recevra bien s\u00fbr la facture \u00e9lectronique conforme.<\/p>\n\n\n\n<h3 class=\"wp-block-heading\"> <br><strong>Conclusion<\/strong><\/h3>\n\n\n\n<p>Envoyer une facture par email sous forme de PDF n\u2019est donc pas suffisant pour \u00eatre conforme aux nouvelles r\u00e8gles de la <strong>facturation \u00e9lectronique<\/strong>. Il est crucial de comprendre la diff\u00e9rence entre un simple <strong>document num\u00e9ris\u00e9<\/strong> et une <strong>vraie facture \u00e9lectronique<\/strong>. En int\u00e9grant des <strong>plateformes certifi\u00e9es<\/strong>, des <strong>formats structur\u00e9s<\/strong> et des processus s\u00e9curis\u00e9s, votre entreprise pourra se conformer aux nouvelles exigences l\u00e9gales et profiter des nombreux avantages de la digitalisation, tels que la r\u00e9duction des co\u00fbts, l\u2019automatisation et l\u2019am\u00e9lioration de la tra\u00e7abilit\u00e9.<\/p>\n\n\n\n<p>La r\u00e9forme impose des <strong>r\u00e8gles strictes<\/strong>, mais avec le bon accompagnement, la transition vers la facturation \u00e9lectronique peut \u00eatre simple et b\u00e9n\u00e9fique \u00e0 long terme. Si vous avez des doutes ou des questions, <strong>ABCinvoice.eu<\/strong> est l\u00e0 pour vous aider \u00e0 comprendre et \u00e0 mettre en place cette nouvelle fa\u00e7on de g\u00e9rer vos factures.<\/p>\n","protected":false},"excerpt":{"rendered":"<p>Scanner une facture, ce n\u2019est pas de la facturation \u00e9lectronique Avec l&rsquo;arriv\u00e9e de la r\u00e9forme de la facturation \u00e9lectronique, beaucoup d\u2019entreprises pensent \u00e0 tort que scanner une facture papier ou cr\u00e9er un PDF et l&rsquo;envoyer par email suffit \u00e0 \u00eatre en conformit\u00e9. Pourtant, ce n\u2019est pas du tout le cas. La facturation \u00e9lectronique impose des [&hellip;]<\/p>\n","protected":false},"author":5,"featured_media":1616,"comment_status":"closed","ping_status":"open","sticky":false,"template":"","format":"standard","meta":{"_jetpack_memberships_contains_paid_content":false,"footnotes":""},"categories":[21],"tags":[25,23,24,22],"class_list":["post-28","post","type-post","status-publish","format-standard","has-post-thumbnail","hentry","category-reglementation","tag-conformite","tag-dematerialisation","tag-factur-x","tag-pdf"],"yoast_head":"<!-- This site is optimized with the Yoast SEO plugin v27.5 - https:\/\/yoast.com\/product\/yoast-seo-wordpress\/ -->\n<title>D\u00e9mat\u00e9rialisation et facturation \u00e9lectronique : attention \u00e0 ne pas confondre - ABCinvoice.eu<\/title>\n<meta name=\"robots\" content=\"index, follow, max-snippet:-1, max-image-preview:large, max-video-preview:-1\" \/>\n<link rel=\"canonical\" href=\"https:\/\/www.abcinvoice.eu\/fr\/dematerialisation-et-facturation-electronique-attention-a-ne-pas-confondre\/\" \/>\n<meta property=\"og:locale\" content=\"fr_FR\" \/>\n<meta property=\"og:type\" content=\"article\" \/>\n<meta property=\"og:title\" content=\"D\u00e9mat\u00e9rialisation et facturation \u00e9lectronique : attention \u00e0 ne pas confondre - ABCinvoice.eu\" \/>\n<meta property=\"og:description\" content=\"Scanner une facture, ce n\u2019est pas de la facturation \u00e9lectronique Avec l&rsquo;arriv\u00e9e de la r\u00e9forme de la facturation \u00e9lectronique, beaucoup d\u2019entreprises pensent \u00e0 tort que scanner une facture papier ou cr\u00e9er un PDF et l&rsquo;envoyer par email suffit \u00e0 \u00eatre en conformit\u00e9. Pourtant, ce n\u2019est pas du tout le cas. La facturation \u00e9lectronique impose des [&hellip;]\" \/>\n<meta property=\"og:url\" content=\"https:\/\/www.abcinvoice.eu\/fr\/dematerialisation-et-facturation-electronique-attention-a-ne-pas-confondre\/\" \/>\n<meta property=\"og:site_name\" content=\"ABCinvoice.eu\" \/>\n<meta property=\"article:published_time\" content=\"2025-05-12T07:01:05+00:00\" \/>\n<meta property=\"article:modified_time\" content=\"2025-08-06T11:42:35+00:00\" \/>\n<meta property=\"og:image\" content=\"https:\/\/www.abcinvoice.eu\/wp-content\/uploads\/2025\/05\/cropped-shot-of-an-unrecognizable-couple-checking-2025-04-06-06-46-42-utc-1.jpg\" \/>\n\t<meta property=\"og:image:width\" content=\"1500\" \/>\n\t<meta property=\"og:image:height\" content=\"1001\" \/>\n\t<meta property=\"og:image:type\" content=\"image\/jpeg\" \/>\n<meta name=\"author\" content=\"Leslie\" \/>\n<meta name=\"twitter:card\" content=\"summary_large_image\" \/>\n<meta name=\"twitter:label1\" content=\"\u00c9crit par\" \/>\n\t<meta name=\"twitter:data1\" content=\"Leslie\" \/>\n\t<meta name=\"twitter:label2\" content=\"Dur\u00e9e de lecture estim\u00e9e\" \/>\n\t<meta name=\"twitter:data2\" content=\"4 minutes\" \/>\n<script type=\"application\/ld+json\" class=\"yoast-schema-graph\">{\"@context\":\"https:\\\/\\\/schema.org\",\"@graph\":[{\"@type\":\"Article\",\"@id\":\"https:\\\/\\\/www.abcinvoice.eu\\\/fr\\\/dematerialisation-et-facturation-electronique-attention-a-ne-pas-confondre\\\/#article\",\"isPartOf\":{\"@id\":\"https:\\\/\\\/www.abcinvoice.eu\\\/fr\\\/dematerialisation-et-facturation-electronique-attention-a-ne-pas-confondre\\\/\"},\"author\":{\"name\":\"Leslie\",\"@id\":\"https:\\\/\\\/www.abcinvoice.eu\\\/fr\\\/#\\\/schema\\\/person\\\/e4762270496dd8bd44c62f9e1b73c6aa\"},\"headline\":\"D\u00e9mat\u00e9rialisation et facturation \u00e9lectronique : attention \u00e0 ne pas confondre\",\"datePublished\":\"2025-05-12T07:01:05+00:00\",\"dateModified\":\"2025-08-06T11:42:35+00:00\",\"mainEntityOfPage\":{\"@id\":\"https:\\\/\\\/www.abcinvoice.eu\\\/fr\\\/dematerialisation-et-facturation-electronique-attention-a-ne-pas-confondre\\\/\"},\"wordCount\":775,\"publisher\":{\"@id\":\"https:\\\/\\\/www.abcinvoice.eu\\\/fr\\\/#organization\"},\"image\":{\"@id\":\"https:\\\/\\\/www.abcinvoice.eu\\\/fr\\\/dematerialisation-et-facturation-electronique-attention-a-ne-pas-confondre\\\/#primaryimage\"},\"thumbnailUrl\":\"https:\\\/\\\/www.abcinvoice.eu\\\/wp-content\\\/uploads\\\/2025\\\/05\\\/cropped-shot-of-an-unrecognizable-couple-checking-2025-04-06-06-46-42-utc-1.jpg\",\"keywords\":[\"conformit\u00e9\",\"d\u00e9mat\u00e9rialisation\",\"Factur-X\",\"PDF\"],\"articleSection\":[\"R\u00e8glementation\"],\"inLanguage\":\"fr-FR\"},{\"@type\":\"WebPage\",\"@id\":\"https:\\\/\\\/www.abcinvoice.eu\\\/fr\\\/dematerialisation-et-facturation-electronique-attention-a-ne-pas-confondre\\\/\",\"url\":\"https:\\\/\\\/www.abcinvoice.eu\\\/fr\\\/dematerialisation-et-facturation-electronique-attention-a-ne-pas-confondre\\\/\",\"name\":\"D\u00e9mat\u00e9rialisation et facturation \u00e9lectronique : attention \u00e0 ne pas confondre - ABCinvoice.eu\",\"isPartOf\":{\"@id\":\"https:\\\/\\\/www.abcinvoice.eu\\\/fr\\\/#website\"},\"primaryImageOfPage\":{\"@id\":\"https:\\\/\\\/www.abcinvoice.eu\\\/fr\\\/dematerialisation-et-facturation-electronique-attention-a-ne-pas-confondre\\\/#primaryimage\"},\"image\":{\"@id\":\"https:\\\/\\\/www.abcinvoice.eu\\\/fr\\\/dematerialisation-et-facturation-electronique-attention-a-ne-pas-confondre\\\/#primaryimage\"},\"thumbnailUrl\":\"https:\\\/\\\/www.abcinvoice.eu\\\/wp-content\\\/uploads\\\/2025\\\/05\\\/cropped-shot-of-an-unrecognizable-couple-checking-2025-04-06-06-46-42-utc-1.jpg\",\"datePublished\":\"2025-05-12T07:01:05+00:00\",\"dateModified\":\"2025-08-06T11:42:35+00:00\",\"breadcrumb\":{\"@id\":\"https:\\\/\\\/www.abcinvoice.eu\\\/fr\\\/dematerialisation-et-facturation-electronique-attention-a-ne-pas-confondre\\\/#breadcrumb\"},\"inLanguage\":\"fr-FR\",\"potentialAction\":[{\"@type\":\"ReadAction\",\"target\":[\"https:\\\/\\\/www.abcinvoice.eu\\\/fr\\\/dematerialisation-et-facturation-electronique-attention-a-ne-pas-confondre\\\/\"]}]},{\"@type\":\"ImageObject\",\"inLanguage\":\"fr-FR\",\"@id\":\"https:\\\/\\\/www.abcinvoice.eu\\\/fr\\\/dematerialisation-et-facturation-electronique-attention-a-ne-pas-confondre\\\/#primaryimage\",\"url\":\"https:\\\/\\\/www.abcinvoice.eu\\\/wp-content\\\/uploads\\\/2025\\\/05\\\/cropped-shot-of-an-unrecognizable-couple-checking-2025-04-06-06-46-42-utc-1.jpg\",\"contentUrl\":\"https:\\\/\\\/www.abcinvoice.eu\\\/wp-content\\\/uploads\\\/2025\\\/05\\\/cropped-shot-of-an-unrecognizable-couple-checking-2025-04-06-06-46-42-utc-1.jpg\",\"width\":1500,\"height\":1001},{\"@type\":\"BreadcrumbList\",\"@id\":\"https:\\\/\\\/www.abcinvoice.eu\\\/fr\\\/dematerialisation-et-facturation-electronique-attention-a-ne-pas-confondre\\\/#breadcrumb\",\"itemListElement\":[{\"@type\":\"ListItem\",\"position\":1,\"name\":\"Accueil\",\"item\":\"https:\\\/\\\/www.abcinvoice.eu\\\/fr\\\/\"},{\"@type\":\"ListItem\",\"position\":2,\"name\":\"D\u00e9mat\u00e9rialisation et facturation \u00e9lectronique : attention \u00e0 ne pas confondre\"}]},{\"@type\":\"WebSite\",\"@id\":\"https:\\\/\\\/www.abcinvoice.eu\\\/fr\\\/#website\",\"url\":\"https:\\\/\\\/www.abcinvoice.eu\\\/fr\\\/\",\"name\":\"ABCinvoice.eu\",\"description\":\"La facturation \u00e9lectronique facile\",\"publisher\":{\"@id\":\"https:\\\/\\\/www.abcinvoice.eu\\\/fr\\\/#organization\"},\"potentialAction\":[{\"@type\":\"SearchAction\",\"target\":{\"@type\":\"EntryPoint\",\"urlTemplate\":\"https:\\\/\\\/www.abcinvoice.eu\\\/fr\\\/?s={search_term_string}\"},\"query-input\":{\"@type\":\"PropertyValueSpecification\",\"valueRequired\":true,\"valueName\":\"search_term_string\"}}],\"inLanguage\":\"fr-FR\"},{\"@type\":\"Organization\",\"@id\":\"https:\\\/\\\/www.abcinvoice.eu\\\/fr\\\/#organization\",\"name\":\"ABCinvoice.eu\",\"url\":\"https:\\\/\\\/www.abcinvoice.eu\\\/fr\\\/\",\"logo\":{\"@type\":\"ImageObject\",\"inLanguage\":\"fr-FR\",\"@id\":\"https:\\\/\\\/www.abcinvoice.eu\\\/fr\\\/#\\\/schema\\\/logo\\\/image\\\/\",\"url\":\"https:\\\/\\\/www.abcinvoice.eu\\\/wp-content\\\/uploads\\\/2025\\\/06\\\/Fichier-101@2x.png\",\"contentUrl\":\"https:\\\/\\\/www.abcinvoice.eu\\\/wp-content\\\/uploads\\\/2025\\\/06\\\/Fichier-101@2x.png\",\"width\":1234,\"height\":155,\"caption\":\"ABCinvoice.eu\"},\"image\":{\"@id\":\"https:\\\/\\\/www.abcinvoice.eu\\\/fr\\\/#\\\/schema\\\/logo\\\/image\\\/\"}},{\"@type\":\"Person\",\"@id\":\"https:\\\/\\\/www.abcinvoice.eu\\\/fr\\\/#\\\/schema\\\/person\\\/e4762270496dd8bd44c62f9e1b73c6aa\",\"name\":\"Leslie\",\"image\":{\"@type\":\"ImageObject\",\"inLanguage\":\"fr-FR\",\"@id\":\"https:\\\/\\\/secure.gravatar.com\\\/avatar\\\/cd1cb64eda9a6d292d4a0092105c44215acd51f94ca92a4650b73581bac029e8?s=96&d=mm&r=g\",\"url\":\"https:\\\/\\\/secure.gravatar.com\\\/avatar\\\/cd1cb64eda9a6d292d4a0092105c44215acd51f94ca92a4650b73581bac029e8?s=96&d=mm&r=g\",\"contentUrl\":\"https:\\\/\\\/secure.gravatar.com\\\/avatar\\\/cd1cb64eda9a6d292d4a0092105c44215acd51f94ca92a4650b73581bac029e8?s=96&d=mm&r=g\",\"caption\":\"Leslie\"},\"url\":\"https:\\\/\\\/www.abcinvoice.eu\\\/fr\\\/author\\\/leslie\\\/\"}]}<\/script>\n<!-- \/ Yoast SEO plugin. -->","yoast_head_json":{"title":"D\u00e9mat\u00e9rialisation et facturation \u00e9lectronique : attention \u00e0 ne pas confondre - ABCinvoice.eu","robots":{"index":"index","follow":"follow","max-snippet":"max-snippet:-1","max-image-preview":"max-image-preview:large","max-video-preview":"max-video-preview:-1"},"canonical":"https:\/\/www.abcinvoice.eu\/fr\/dematerialisation-et-facturation-electronique-attention-a-ne-pas-confondre\/","og_locale":"fr_FR","og_type":"article","og_title":"D\u00e9mat\u00e9rialisation et facturation \u00e9lectronique : attention \u00e0 ne pas confondre - ABCinvoice.eu","og_description":"Scanner une facture, ce n\u2019est pas de la facturation \u00e9lectronique Avec l&rsquo;arriv\u00e9e de la r\u00e9forme de la facturation \u00e9lectronique, beaucoup d\u2019entreprises pensent \u00e0 tort que scanner une facture papier ou cr\u00e9er un PDF et l&rsquo;envoyer par email suffit \u00e0 \u00eatre en conformit\u00e9. Pourtant, ce n\u2019est pas du tout le cas. La facturation \u00e9lectronique impose des [&hellip;]","og_url":"https:\/\/www.abcinvoice.eu\/fr\/dematerialisation-et-facturation-electronique-attention-a-ne-pas-confondre\/","og_site_name":"ABCinvoice.eu","article_published_time":"2025-05-12T07:01:05+00:00","article_modified_time":"2025-08-06T11:42:35+00:00","og_image":[{"width":1500,"height":1001,"url":"https:\/\/www.abcinvoice.eu\/wp-content\/uploads\/2025\/05\/cropped-shot-of-an-unrecognizable-couple-checking-2025-04-06-06-46-42-utc-1.jpg","type":"image\/jpeg"}],"author":"Leslie","twitter_card":"summary_large_image","twitter_misc":{"\u00c9crit par":"Leslie","Dur\u00e9e de lecture estim\u00e9e":"4 minutes"},"schema":{"@context":"https:\/\/schema.org","@graph":[{"@type":"Article","@id":"https:\/\/www.abcinvoice.eu\/fr\/dematerialisation-et-facturation-electronique-attention-a-ne-pas-confondre\/#article","isPartOf":{"@id":"https:\/\/www.abcinvoice.eu\/fr\/dematerialisation-et-facturation-electronique-attention-a-ne-pas-confondre\/"},"author":{"name":"Leslie","@id":"https:\/\/www.abcinvoice.eu\/fr\/#\/schema\/person\/e4762270496dd8bd44c62f9e1b73c6aa"},"headline":"D\u00e9mat\u00e9rialisation et facturation \u00e9lectronique : attention \u00e0 ne pas confondre","datePublished":"2025-05-12T07:01:05+00:00","dateModified":"2025-08-06T11:42:35+00:00","mainEntityOfPage":{"@id":"https:\/\/www.abcinvoice.eu\/fr\/dematerialisation-et-facturation-electronique-attention-a-ne-pas-confondre\/"},"wordCount":775,"publisher":{"@id":"https:\/\/www.abcinvoice.eu\/fr\/#organization"},"image":{"@id":"https:\/\/www.abcinvoice.eu\/fr\/dematerialisation-et-facturation-electronique-attention-a-ne-pas-confondre\/#primaryimage"},"thumbnailUrl":"https:\/\/www.abcinvoice.eu\/wp-content\/uploads\/2025\/05\/cropped-shot-of-an-unrecognizable-couple-checking-2025-04-06-06-46-42-utc-1.jpg","keywords":["conformit\u00e9","d\u00e9mat\u00e9rialisation","Factur-X","PDF"],"articleSection":["R\u00e8glementation"],"inLanguage":"fr-FR"},{"@type":"WebPage","@id":"https:\/\/www.abcinvoice.eu\/fr\/dematerialisation-et-facturation-electronique-attention-a-ne-pas-confondre\/","url":"https:\/\/www.abcinvoice.eu\/fr\/dematerialisation-et-facturation-electronique-attention-a-ne-pas-confondre\/","name":"D\u00e9mat\u00e9rialisation et facturation \u00e9lectronique : attention \u00e0 ne pas confondre - ABCinvoice.eu","isPartOf":{"@id":"https:\/\/www.abcinvoice.eu\/fr\/#website"},"primaryImageOfPage":{"@id":"https:\/\/www.abcinvoice.eu\/fr\/dematerialisation-et-facturation-electronique-attention-a-ne-pas-confondre\/#primaryimage"},"image":{"@id":"https:\/\/www.abcinvoice.eu\/fr\/dematerialisation-et-facturation-electronique-attention-a-ne-pas-confondre\/#primaryimage"},"thumbnailUrl":"https:\/\/www.abcinvoice.eu\/wp-content\/uploads\/2025\/05\/cropped-shot-of-an-unrecognizable-couple-checking-2025-04-06-06-46-42-utc-1.jpg","datePublished":"2025-05-12T07:01:05+00:00","dateModified":"2025-08-06T11:42:35+00:00","breadcrumb":{"@id":"https:\/\/www.abcinvoice.eu\/fr\/dematerialisation-et-facturation-electronique-attention-a-ne-pas-confondre\/#breadcrumb"},"inLanguage":"fr-FR","potentialAction":[{"@type":"ReadAction","target":["https:\/\/www.abcinvoice.eu\/fr\/dematerialisation-et-facturation-electronique-attention-a-ne-pas-confondre\/"]}]},{"@type":"ImageObject","inLanguage":"fr-FR","@id":"https:\/\/www.abcinvoice.eu\/fr\/dematerialisation-et-facturation-electronique-attention-a-ne-pas-confondre\/#primaryimage","url":"https:\/\/www.abcinvoice.eu\/wp-content\/uploads\/2025\/05\/cropped-shot-of-an-unrecognizable-couple-checking-2025-04-06-06-46-42-utc-1.jpg","contentUrl":"https:\/\/www.abcinvoice.eu\/wp-content\/uploads\/2025\/05\/cropped-shot-of-an-unrecognizable-couple-checking-2025-04-06-06-46-42-utc-1.jpg","width":1500,"height":1001},{"@type":"BreadcrumbList","@id":"https:\/\/www.abcinvoice.eu\/fr\/dematerialisation-et-facturation-electronique-attention-a-ne-pas-confondre\/#breadcrumb","itemListElement":[{"@type":"ListItem","position":1,"name":"Accueil","item":"https:\/\/www.abcinvoice.eu\/fr\/"},{"@type":"ListItem","position":2,"name":"D\u00e9mat\u00e9rialisation et facturation \u00e9lectronique : attention \u00e0 ne pas confondre"}]},{"@type":"WebSite","@id":"https:\/\/www.abcinvoice.eu\/fr\/#website","url":"https:\/\/www.abcinvoice.eu\/fr\/","name":"ABCinvoice.eu","description":"La facturation \u00e9lectronique facile","publisher":{"@id":"https:\/\/www.abcinvoice.eu\/fr\/#organization"},"potentialAction":[{"@type":"SearchAction","target":{"@type":"EntryPoint","urlTemplate":"https:\/\/www.abcinvoice.eu\/fr\/?s={search_term_string}"},"query-input":{"@type":"PropertyValueSpecification","valueRequired":true,"valueName":"search_term_string"}}],"inLanguage":"fr-FR"},{"@type":"Organization","@id":"https:\/\/www.abcinvoice.eu\/fr\/#organization","name":"ABCinvoice.eu","url":"https:\/\/www.abcinvoice.eu\/fr\/","logo":{"@type":"ImageObject","inLanguage":"fr-FR","@id":"https:\/\/www.abcinvoice.eu\/fr\/#\/schema\/logo\/image\/","url":"https:\/\/www.abcinvoice.eu\/wp-content\/uploads\/2025\/06\/Fichier-101@2x.png","contentUrl":"https:\/\/www.abcinvoice.eu\/wp-content\/uploads\/2025\/06\/Fichier-101@2x.png","width":1234,"height":155,"caption":"ABCinvoice.eu"},"image":{"@id":"https:\/\/www.abcinvoice.eu\/fr\/#\/schema\/logo\/image\/"}},{"@type":"Person","@id":"https:\/\/www.abcinvoice.eu\/fr\/#\/schema\/person\/e4762270496dd8bd44c62f9e1b73c6aa","name":"Leslie","image":{"@type":"ImageObject","inLanguage":"fr-FR","@id":"https:\/\/secure.gravatar.com\/avatar\/cd1cb64eda9a6d292d4a0092105c44215acd51f94ca92a4650b73581bac029e8?s=96&d=mm&r=g","url":"https:\/\/secure.gravatar.com\/avatar\/cd1cb64eda9a6d292d4a0092105c44215acd51f94ca92a4650b73581bac029e8?s=96&d=mm&r=g","contentUrl":"https:\/\/secure.gravatar.com\/avatar\/cd1cb64eda9a6d292d4a0092105c44215acd51f94ca92a4650b73581bac029e8?s=96&d=mm&r=g","caption":"Leslie"},"url":"https:\/\/www.abcinvoice.eu\/fr\/author\/leslie\/"}]}},"jetpack_featured_media_url":"https:\/\/www.abcinvoice.eu\/wp-content\/uploads\/2025\/05\/cropped-shot-of-an-unrecognizable-couple-checking-2025-04-06-06-46-42-utc-1.jpg","jetpack_sharing_enabled":true,"_links":{"self":[{"href":"https:\/\/www.abcinvoice.eu\/fr\/wp-json\/wp\/v2\/posts\/28","targetHints":{"allow":["GET"]}}],"collection":[{"href":"https:\/\/www.abcinvoice.eu\/fr\/wp-json\/wp\/v2\/posts"}],"about":[{"href":"https:\/\/www.abcinvoice.eu\/fr\/wp-json\/wp\/v2\/types\/post"}],"author":[{"embeddable":true,"href":"https:\/\/www.abcinvoice.eu\/fr\/wp-json\/wp\/v2\/users\/5"}],"replies":[{"embeddable":true,"href":"https:\/\/www.abcinvoice.eu\/fr\/wp-json\/wp\/v2\/comments?post=28"}],"version-history":[{"count":3,"href":"https:\/\/www.abcinvoice.eu\/fr\/wp-json\/wp\/v2\/posts\/28\/revisions"}],"predecessor-version":[{"id":2797,"href":"https:\/\/www.abcinvoice.eu\/fr\/wp-json\/wp\/v2\/posts\/28\/revisions\/2797"}],"wp:featuredmedia":[{"embeddable":true,"href":"https:\/\/www.abcinvoice.eu\/fr\/wp-json\/wp\/v2\/media\/1616"}],"wp:attachment":[{"href":"https:\/\/www.abcinvoice.eu\/fr\/wp-json\/wp\/v2\/media?parent=28"}],"wp:term":[{"taxonomy":"category","embeddable":true,"href":"https:\/\/www.abcinvoice.eu\/fr\/wp-json\/wp\/v2\/categories?post=28"},{"taxonomy":"post_tag","embeddable":true,"href":"https:\/\/www.abcinvoice.eu\/fr\/wp-json\/wp\/v2\/tags?post=28"}],"curies":[{"name":"wp","href":"https:\/\/api.w.org\/{rel}","templated":true}]}}