{"id":25,"date":"2025-05-12T15:01:54","date_gmt":"2025-05-12T13:01:54","guid":{"rendered":"https:\/\/www.facture-electronique-facile.eu\/?p=25"},"modified":"2025-08-06T13:42:34","modified_gmt":"2025-08-06T11:42:34","slug":"%f0%9f%87%a7%f0%9f%87%aa-facturation-electronique-en-belgique-ce-que-dit-la-loi-et-ce-que-ca-change-pour-vous","status":"publish","type":"post","link":"https:\/\/www.abcinvoice.eu\/fr\/%f0%9f%87%a7%f0%9f%87%aa-facturation-electronique-en-belgique-ce-que-dit-la-loi-et-ce-que-ca-change-pour-vous\/","title":{"rendered":"\ud83c\udde7\ud83c\uddea Facturation \u00e9lectronique en Belgique : ce que dit la loi (et ce que \u00e7a change pour vous)"},"content":{"rendered":"\n<p>La r\u00e9forme arrive, et avec elle, un grand changement dans la fa\u00e7on dont les entreprises vont g\u00e9rer leurs factures.<\/p>\n\n\n\n<p>L\u2019objectif est clair : <strong>simplifier, s\u00e9curiser et moderniser<\/strong> les \u00e9changes entre entreprises.<\/p>\n\n\n\n<p>Si l\u2019\u00e9mission de factures \u00e9lectroniques est d\u00e9j\u00e0 obligatoire pour les march\u00e9s publics, <strong>une r\u00e9forme plus large va concerner toutes les entreprises assujetties \u00e0 la TVA<\/strong> dans les prochaines ann\u00e9es.<\/p>\n\n\n\n<p>On fait le point<\/p>\n\n\n\n<h3 class=\"wp-block-heading\"><strong> <\/strong><br><strong>Les dates cl\u00e9s \u00e0 retenir<\/strong><\/h3>\n\n\n\n<p>La loi belge pr\u00e9voit une entr\u00e9e en vigueur le <strong>1er janvier 2026.<\/strong><\/p>\n\n\n\n<p>\u2192 Obligation <strong>d\u2019\u00e9mettre<\/strong> des factures \u00e9lectroniques pour <strong>toutes les entreprises assujetties \u00e0 la TVA<\/strong> pour leurs transactions <strong>B2B (entre entreprises)<\/strong>.<\/p>\n\n\n\n<h3 class=\"wp-block-heading\"><strong> <\/strong><br><strong>D\u00e9mat\u00e9rialisation \u2260 Facturation \u00e9lectronique<\/strong><\/h3>\n\n\n\n<p>Passer au tout num\u00e9rique ne veut pas dire qu\u2019on est conforme. Une facture PDF, m\u00eame envoy\u00e9e par email, <strong>n\u2019est pas une facture \u00e9lectronique<\/strong> au sens de la r\u00e9forme.<\/p>\n\n\n\n<p>Une <strong>v\u00e9ritable facture \u00e9lectronique<\/strong> :<\/p>\n\n\n\n<ul class=\"wp-block-list\">\n<li>respecte un <strong>format structur\u00e9<\/strong> (Factur-X, UBL, CII\u2026)<\/li>\n\n\n\n<li>contient <strong>des donn\u00e9es lisibles automatiquement<\/strong><\/li>\n\n\n\n<li>est transmise via une <strong>plateforme d\u00e9di\u00e9e<\/strong><\/li>\n<\/ul>\n\n\n\n<p>En r\u00e9sum\u00e9 : il ne suffit pas de scanner ou d\u2019envoyer un PDF, il faut passer par un canal certifi\u00e9 et respecter un format pr\u00e9cis.<\/p>\n\n\n\n<p><strong>Plus d&rsquo;information <a style=\"color:#05AC72\" data-type=\"post\" data-id=\"28\" href=\"https:\/\/www.abcinvoice.eu\/fr\/dematerialisation-et-facturation-electronique-attention-a-ne-pas-confondre\/\">ici<\/a>.<\/strong><\/p>\n\n\n\n<h3 class=\"wp-block-heading\"> <br><strong>Comment \u00e7a va fonctionner ?<\/strong><\/h3>\n\n\n\n<p>\u00c0 partir de 2026, les factures ne transiteront plus directement entre clients et fournisseurs. Elles passeront par des <strong>plateformes certifi\u00e9es<\/strong>, dans le cadre du r\u00e9seau <strong>PEPPOL.<\/strong><\/p>\n\n\n\n<p>Chaque entreprise devra :<\/p>\n\n\n\n<ul class=\"wp-block-list\">\n<li>choisir un op\u00e9rateur de d\u00e9mat\u00e9rialisation PEPPOL<\/li>\n\n\n\n<li>y envoyer et\/ou y recevoir ses factures \u00e9lectroniques<\/li>\n\n\n\n<li>s&rsquo;assurer que ses outils sont compatibles<\/li>\n<\/ul>\n\n\n\n<p>C\u2019est pour vous simplifier cette transition que <strong>ABCinvoice.eu devient op\u00e9rateur de d\u00e9mat\u00e9rialisation<\/strong> et travaille en lien avec une <strong>plateforme certifi\u00e9e Point d\u2019Acc\u00e8s PEPPOL<\/strong>.<\/p>\n\n\n\n<h3 class=\"wp-block-heading\"> <br>Et le e-reporting <strong>?<\/strong><\/h3>\n\n\n\n<p>Le <strong>e-reporting<\/strong> deviendra obligatoire en Belgique \u00e0 l\u2019horizon <strong>2028<\/strong>. M\u00eame si cette obligation n\u2019est pas encore en vigueur, il est essentiel d\u2019anticiper les \u00e9volutions \u00e0 venir. Comme pour la facturation \u00e9lectronique, les entreprises devront transmettre certaines donn\u00e9es de transaction \u00e0 l\u2019administration.<\/p>\n\n\n\n<p>Bonne nouvelle : <strong>ABCinvoice.eu sera d\u00e9j\u00e0 pr\u00eat<\/strong>. Gr\u00e2ce \u00e0 l\u2019exp\u00e9rience acquise avec la r\u00e9forme fran\u00e7aise, notre outil int\u00e8grera d\u00e9j\u00e0 toutes les m\u00e9caniques de e-reporting. Vous serez donc parfaitement \u00e9quip\u00e9(e) le moment venu.<\/p>\n\n\n\n<h3 class=\"wp-block-heading\"> <br><strong>Qui est concern\u00e9 ?<\/strong><\/h3>\n\n\n\n<p>La facturation \u00e9lectronique s\u2019applique \u00e0 <strong>toutes les entreprises belges assujetties \u00e0 la TVA<\/strong>, dans le cadre de transactions B2B (entre professionnels).<\/p>\n\n\n\n<h3 class=\"wp-block-heading\"> <br><strong>En r\u00e9sum\u00e9<\/strong><\/h3>\n\n\n\n<ul class=\"wp-block-list\">\n<li><strong>Obligation d\u2019\u00e9mettre des factures \u00e9lectroniques \u00e0 partir du 1er janvier 2026<\/strong>, en B2B<\/li>\n\n\n\n<li><strong>Toutes les entreprises<\/strong> devront pouvoir <strong>recevoir<\/strong> des factures \u00e9lectroniques \u00e0 cette date<\/li>\n\n\n\n<li>Le PDF simple ne suffit plus : il faut un <strong>format structur\u00e9<\/strong> (mais ABCinvoice.eu vous permet de simplement convertir vos PDF en factures \u00e9lectroniques)<\/li>\n\n\n\n<li>La transmission se fera via des <strong>canaux certifi\u00e9s<\/strong> (PEPPOL ou \u00e9quivalents)<\/li>\n\n\n\n<li>Il est temps de se pr\u00e9parer : choix d\u2019une plateforme, mise \u00e0 jour des outils, accompagnement<\/li>\n<\/ul>\n\n\n\n<p>Besoin d\u2019un accompagnement simple et clair pour franchir le cap ?<\/p>\n\n\n\n<p><strong>ABCinvoice.eu est l\u00e0 pour vous guider \u00e0 chaque \u00e9tape.<\/strong><\/p>\n\n\n\n<p><\/p>\n","protected":false},"excerpt":{"rendered":"<p>La r\u00e9forme arrive, et avec elle, un grand changement dans la fa\u00e7on dont les entreprises vont g\u00e9rer leurs factures. L\u2019objectif est clair : simplifier, s\u00e9curiser et moderniser les \u00e9changes entre entreprises. Si l\u2019\u00e9mission de factures \u00e9lectroniques est d\u00e9j\u00e0 obligatoire pour les march\u00e9s publics, une r\u00e9forme plus large va concerner toutes les entreprises assujetties \u00e0 la [&hellip;]<\/p>\n","protected":false},"author":5,"featured_media":1613,"comment_status":"closed","ping_status":"open","sticky":false,"template":"","format":"standard","meta":{"_jetpack_memberships_contains_paid_content":false,"footnotes":""},"categories":[21],"tags":[31,26,30,33,32,28],"class_list":["post-25","post","type-post","status-publish","format-standard","has-post-thumbnail","hentry","category-reglementation","tag-belgique","tag-calendrier","tag-dates","tag-e-reporting","tag-peppol","tag-tva"],"yoast_head":"<!-- This site is optimized with the Yoast SEO plugin v27.5 - https:\/\/yoast.com\/product\/yoast-seo-wordpress\/ -->\n<title>\ud83c\udde7\ud83c\uddea Facturation \u00e9lectronique en Belgique : ce que dit la loi (et ce que \u00e7a change pour vous) - ABCinvoice.eu<\/title>\n<meta name=\"robots\" content=\"index, follow, max-snippet:-1, max-image-preview:large, max-video-preview:-1\" \/>\n<link rel=\"canonical\" href=\"https:\/\/www.abcinvoice.eu\/fr\/%f0%9f%87%a7%f0%9f%87%aa-facturation-electronique-en-belgique-ce-que-dit-la-loi-et-ce-que-ca-change-pour-vous\/\" \/>\n<meta property=\"og:locale\" content=\"fr_FR\" \/>\n<meta property=\"og:type\" content=\"article\" \/>\n<meta property=\"og:title\" content=\"\ud83c\udde7\ud83c\uddea Facturation \u00e9lectronique en Belgique : ce que dit la loi (et ce que \u00e7a change pour vous) - ABCinvoice.eu\" \/>\n<meta property=\"og:description\" content=\"La r\u00e9forme arrive, et avec elle, un grand changement dans la fa\u00e7on dont les entreprises vont g\u00e9rer leurs factures. L\u2019objectif est clair : simplifier, s\u00e9curiser et moderniser les \u00e9changes entre entreprises. Si l\u2019\u00e9mission de factures \u00e9lectroniques est d\u00e9j\u00e0 obligatoire pour les march\u00e9s publics, une r\u00e9forme plus large va concerner toutes les entreprises assujetties \u00e0 la [&hellip;]\" \/>\n<meta property=\"og:url\" content=\"https:\/\/www.abcinvoice.eu\/fr\/%f0%9f%87%a7%f0%9f%87%aa-facturation-electronique-en-belgique-ce-que-dit-la-loi-et-ce-que-ca-change-pour-vous\/\" \/>\n<meta property=\"og:site_name\" content=\"ABCinvoice.eu\" \/>\n<meta property=\"article:published_time\" content=\"2025-05-12T13:01:54+00:00\" \/>\n<meta property=\"article:modified_time\" content=\"2025-08-06T11:42:34+00:00\" \/>\n<meta property=\"og:image\" content=\"https:\/\/www.abcinvoice.eu\/wp-content\/uploads\/2025\/05\/Flag_of_Belgium_civil.jpg\" \/>\n\t<meta property=\"og:image:width\" content=\"900\" \/>\n\t<meta property=\"og:image:height\" content=\"600\" \/>\n\t<meta property=\"og:image:type\" content=\"image\/jpeg\" \/>\n<meta name=\"author\" content=\"Leslie\" \/>\n<meta name=\"twitter:card\" content=\"summary_large_image\" \/>\n<meta name=\"twitter:label1\" content=\"\u00c9crit par\" \/>\n\t<meta name=\"twitter:data1\" content=\"Leslie\" \/>\n\t<meta name=\"twitter:label2\" content=\"Dur\u00e9e de lecture estim\u00e9e\" \/>\n\t<meta name=\"twitter:data2\" content=\"3 minutes\" \/>\n<script type=\"application\/ld+json\" class=\"yoast-schema-graph\">{\"@context\":\"https:\\\/\\\/schema.org\",\"@graph\":[{\"@type\":\"Article\",\"@id\":\"https:\\\/\\\/www.abcinvoice.eu\\\/fr\\\/%f0%9f%87%a7%f0%9f%87%aa-facturation-electronique-en-belgique-ce-que-dit-la-loi-et-ce-que-ca-change-pour-vous\\\/#article\",\"isPartOf\":{\"@id\":\"https:\\\/\\\/www.abcinvoice.eu\\\/fr\\\/%f0%9f%87%a7%f0%9f%87%aa-facturation-electronique-en-belgique-ce-que-dit-la-loi-et-ce-que-ca-change-pour-vous\\\/\"},\"author\":{\"name\":\"Leslie\",\"@id\":\"https:\\\/\\\/www.abcinvoice.eu\\\/fr\\\/#\\\/schema\\\/person\\\/e4762270496dd8bd44c62f9e1b73c6aa\"},\"headline\":\"\ud83c\udde7\ud83c\uddea Facturation \u00e9lectronique en Belgique : ce que dit la loi (et ce que \u00e7a change pour vous)\",\"datePublished\":\"2025-05-12T13:01:54+00:00\",\"dateModified\":\"2025-08-06T11:42:34+00:00\",\"mainEntityOfPage\":{\"@id\":\"https:\\\/\\\/www.abcinvoice.eu\\\/fr\\\/%f0%9f%87%a7%f0%9f%87%aa-facturation-electronique-en-belgique-ce-que-dit-la-loi-et-ce-que-ca-change-pour-vous\\\/\"},\"wordCount\":522,\"publisher\":{\"@id\":\"https:\\\/\\\/www.abcinvoice.eu\\\/fr\\\/#organization\"},\"image\":{\"@id\":\"https:\\\/\\\/www.abcinvoice.eu\\\/fr\\\/%f0%9f%87%a7%f0%9f%87%aa-facturation-electronique-en-belgique-ce-que-dit-la-loi-et-ce-que-ca-change-pour-vous\\\/#primaryimage\"},\"thumbnailUrl\":\"https:\\\/\\\/www.abcinvoice.eu\\\/wp-content\\\/uploads\\\/2025\\\/05\\\/Flag_of_Belgium_civil.jpg\",\"keywords\":[\"Belgique\",\"calendrier\",\"dates\",\"e-reporting\",\"PEPPOL\",\"TVA\"],\"articleSection\":[\"R\u00e8glementation\"],\"inLanguage\":\"fr-FR\"},{\"@type\":\"WebPage\",\"@id\":\"https:\\\/\\\/www.abcinvoice.eu\\\/fr\\\/%f0%9f%87%a7%f0%9f%87%aa-facturation-electronique-en-belgique-ce-que-dit-la-loi-et-ce-que-ca-change-pour-vous\\\/\",\"url\":\"https:\\\/\\\/www.abcinvoice.eu\\\/fr\\\/%f0%9f%87%a7%f0%9f%87%aa-facturation-electronique-en-belgique-ce-que-dit-la-loi-et-ce-que-ca-change-pour-vous\\\/\",\"name\":\"\ud83c\udde7\ud83c\uddea Facturation \u00e9lectronique en Belgique : ce que dit la loi (et ce que \u00e7a change pour vous) - ABCinvoice.eu\",\"isPartOf\":{\"@id\":\"https:\\\/\\\/www.abcinvoice.eu\\\/fr\\\/#website\"},\"primaryImageOfPage\":{\"@id\":\"https:\\\/\\\/www.abcinvoice.eu\\\/fr\\\/%f0%9f%87%a7%f0%9f%87%aa-facturation-electronique-en-belgique-ce-que-dit-la-loi-et-ce-que-ca-change-pour-vous\\\/#primaryimage\"},\"image\":{\"@id\":\"https:\\\/\\\/www.abcinvoice.eu\\\/fr\\\/%f0%9f%87%a7%f0%9f%87%aa-facturation-electronique-en-belgique-ce-que-dit-la-loi-et-ce-que-ca-change-pour-vous\\\/#primaryimage\"},\"thumbnailUrl\":\"https:\\\/\\\/www.abcinvoice.eu\\\/wp-content\\\/uploads\\\/2025\\\/05\\\/Flag_of_Belgium_civil.jpg\",\"datePublished\":\"2025-05-12T13:01:54+00:00\",\"dateModified\":\"2025-08-06T11:42:34+00:00\",\"breadcrumb\":{\"@id\":\"https:\\\/\\\/www.abcinvoice.eu\\\/fr\\\/%f0%9f%87%a7%f0%9f%87%aa-facturation-electronique-en-belgique-ce-que-dit-la-loi-et-ce-que-ca-change-pour-vous\\\/#breadcrumb\"},\"inLanguage\":\"fr-FR\",\"potentialAction\":[{\"@type\":\"ReadAction\",\"target\":[\"https:\\\/\\\/www.abcinvoice.eu\\\/fr\\\/%f0%9f%87%a7%f0%9f%87%aa-facturation-electronique-en-belgique-ce-que-dit-la-loi-et-ce-que-ca-change-pour-vous\\\/\"]}]},{\"@type\":\"ImageObject\",\"inLanguage\":\"fr-FR\",\"@id\":\"https:\\\/\\\/www.abcinvoice.eu\\\/fr\\\/%f0%9f%87%a7%f0%9f%87%aa-facturation-electronique-en-belgique-ce-que-dit-la-loi-et-ce-que-ca-change-pour-vous\\\/#primaryimage\",\"url\":\"https:\\\/\\\/www.abcinvoice.eu\\\/wp-content\\\/uploads\\\/2025\\\/05\\\/Flag_of_Belgium_civil.jpg\",\"contentUrl\":\"https:\\\/\\\/www.abcinvoice.eu\\\/wp-content\\\/uploads\\\/2025\\\/05\\\/Flag_of_Belgium_civil.jpg\",\"width\":900,\"height\":600},{\"@type\":\"BreadcrumbList\",\"@id\":\"https:\\\/\\\/www.abcinvoice.eu\\\/fr\\\/%f0%9f%87%a7%f0%9f%87%aa-facturation-electronique-en-belgique-ce-que-dit-la-loi-et-ce-que-ca-change-pour-vous\\\/#breadcrumb\",\"itemListElement\":[{\"@type\":\"ListItem\",\"position\":1,\"name\":\"Accueil\",\"item\":\"https:\\\/\\\/www.abcinvoice.eu\\\/fr\\\/\"},{\"@type\":\"ListItem\",\"position\":2,\"name\":\"\ud83c\udde7\ud83c\uddea Facturation \u00e9lectronique en Belgique : ce que dit la loi (et ce que \u00e7a change pour vous)\"}]},{\"@type\":\"WebSite\",\"@id\":\"https:\\\/\\\/www.abcinvoice.eu\\\/fr\\\/#website\",\"url\":\"https:\\\/\\\/www.abcinvoice.eu\\\/fr\\\/\",\"name\":\"ABCinvoice.eu\",\"description\":\"La facturation \u00e9lectronique facile\",\"publisher\":{\"@id\":\"https:\\\/\\\/www.abcinvoice.eu\\\/fr\\\/#organization\"},\"potentialAction\":[{\"@type\":\"SearchAction\",\"target\":{\"@type\":\"EntryPoint\",\"urlTemplate\":\"https:\\\/\\\/www.abcinvoice.eu\\\/fr\\\/?s={search_term_string}\"},\"query-input\":{\"@type\":\"PropertyValueSpecification\",\"valueRequired\":true,\"valueName\":\"search_term_string\"}}],\"inLanguage\":\"fr-FR\"},{\"@type\":\"Organization\",\"@id\":\"https:\\\/\\\/www.abcinvoice.eu\\\/fr\\\/#organization\",\"name\":\"ABCinvoice.eu\",\"url\":\"https:\\\/\\\/www.abcinvoice.eu\\\/fr\\\/\",\"logo\":{\"@type\":\"ImageObject\",\"inLanguage\":\"fr-FR\",\"@id\":\"https:\\\/\\\/www.abcinvoice.eu\\\/fr\\\/#\\\/schema\\\/logo\\\/image\\\/\",\"url\":\"https:\\\/\\\/www.abcinvoice.eu\\\/wp-content\\\/uploads\\\/2025\\\/06\\\/Fichier-101@2x.png\",\"contentUrl\":\"https:\\\/\\\/www.abcinvoice.eu\\\/wp-content\\\/uploads\\\/2025\\\/06\\\/Fichier-101@2x.png\",\"width\":1234,\"height\":155,\"caption\":\"ABCinvoice.eu\"},\"image\":{\"@id\":\"https:\\\/\\\/www.abcinvoice.eu\\\/fr\\\/#\\\/schema\\\/logo\\\/image\\\/\"}},{\"@type\":\"Person\",\"@id\":\"https:\\\/\\\/www.abcinvoice.eu\\\/fr\\\/#\\\/schema\\\/person\\\/e4762270496dd8bd44c62f9e1b73c6aa\",\"name\":\"Leslie\",\"image\":{\"@type\":\"ImageObject\",\"inLanguage\":\"fr-FR\",\"@id\":\"https:\\\/\\\/secure.gravatar.com\\\/avatar\\\/cd1cb64eda9a6d292d4a0092105c44215acd51f94ca92a4650b73581bac029e8?s=96&d=mm&r=g\",\"url\":\"https:\\\/\\\/secure.gravatar.com\\\/avatar\\\/cd1cb64eda9a6d292d4a0092105c44215acd51f94ca92a4650b73581bac029e8?s=96&d=mm&r=g\",\"contentUrl\":\"https:\\\/\\\/secure.gravatar.com\\\/avatar\\\/cd1cb64eda9a6d292d4a0092105c44215acd51f94ca92a4650b73581bac029e8?s=96&d=mm&r=g\",\"caption\":\"Leslie\"},\"url\":\"https:\\\/\\\/www.abcinvoice.eu\\\/fr\\\/author\\\/leslie\\\/\"}]}<\/script>\n<!-- \/ Yoast SEO plugin. -->","yoast_head_json":{"title":"\ud83c\udde7\ud83c\uddea Facturation \u00e9lectronique en Belgique : ce que dit la loi (et ce que \u00e7a change pour vous) - ABCinvoice.eu","robots":{"index":"index","follow":"follow","max-snippet":"max-snippet:-1","max-image-preview":"max-image-preview:large","max-video-preview":"max-video-preview:-1"},"canonical":"https:\/\/www.abcinvoice.eu\/fr\/%f0%9f%87%a7%f0%9f%87%aa-facturation-electronique-en-belgique-ce-que-dit-la-loi-et-ce-que-ca-change-pour-vous\/","og_locale":"fr_FR","og_type":"article","og_title":"\ud83c\udde7\ud83c\uddea Facturation \u00e9lectronique en Belgique : ce que dit la loi (et ce que \u00e7a change pour vous) - ABCinvoice.eu","og_description":"La r\u00e9forme arrive, et avec elle, un grand changement dans la fa\u00e7on dont les entreprises vont g\u00e9rer leurs factures. L\u2019objectif est clair : simplifier, s\u00e9curiser et moderniser les \u00e9changes entre entreprises. Si l\u2019\u00e9mission de factures \u00e9lectroniques est d\u00e9j\u00e0 obligatoire pour les march\u00e9s publics, une r\u00e9forme plus large va concerner toutes les entreprises assujetties \u00e0 la [&hellip;]","og_url":"https:\/\/www.abcinvoice.eu\/fr\/%f0%9f%87%a7%f0%9f%87%aa-facturation-electronique-en-belgique-ce-que-dit-la-loi-et-ce-que-ca-change-pour-vous\/","og_site_name":"ABCinvoice.eu","article_published_time":"2025-05-12T13:01:54+00:00","article_modified_time":"2025-08-06T11:42:34+00:00","og_image":[{"width":900,"height":600,"url":"https:\/\/www.abcinvoice.eu\/wp-content\/uploads\/2025\/05\/Flag_of_Belgium_civil.jpg","type":"image\/jpeg"}],"author":"Leslie","twitter_card":"summary_large_image","twitter_misc":{"\u00c9crit par":"Leslie","Dur\u00e9e de lecture estim\u00e9e":"3 minutes"},"schema":{"@context":"https:\/\/schema.org","@graph":[{"@type":"Article","@id":"https:\/\/www.abcinvoice.eu\/fr\/%f0%9f%87%a7%f0%9f%87%aa-facturation-electronique-en-belgique-ce-que-dit-la-loi-et-ce-que-ca-change-pour-vous\/#article","isPartOf":{"@id":"https:\/\/www.abcinvoice.eu\/fr\/%f0%9f%87%a7%f0%9f%87%aa-facturation-electronique-en-belgique-ce-que-dit-la-loi-et-ce-que-ca-change-pour-vous\/"},"author":{"name":"Leslie","@id":"https:\/\/www.abcinvoice.eu\/fr\/#\/schema\/person\/e4762270496dd8bd44c62f9e1b73c6aa"},"headline":"\ud83c\udde7\ud83c\uddea Facturation \u00e9lectronique en Belgique : ce que dit la loi (et ce que \u00e7a change pour vous)","datePublished":"2025-05-12T13:01:54+00:00","dateModified":"2025-08-06T11:42:34+00:00","mainEntityOfPage":{"@id":"https:\/\/www.abcinvoice.eu\/fr\/%f0%9f%87%a7%f0%9f%87%aa-facturation-electronique-en-belgique-ce-que-dit-la-loi-et-ce-que-ca-change-pour-vous\/"},"wordCount":522,"publisher":{"@id":"https:\/\/www.abcinvoice.eu\/fr\/#organization"},"image":{"@id":"https:\/\/www.abcinvoice.eu\/fr\/%f0%9f%87%a7%f0%9f%87%aa-facturation-electronique-en-belgique-ce-que-dit-la-loi-et-ce-que-ca-change-pour-vous\/#primaryimage"},"thumbnailUrl":"https:\/\/www.abcinvoice.eu\/wp-content\/uploads\/2025\/05\/Flag_of_Belgium_civil.jpg","keywords":["Belgique","calendrier","dates","e-reporting","PEPPOL","TVA"],"articleSection":["R\u00e8glementation"],"inLanguage":"fr-FR"},{"@type":"WebPage","@id":"https:\/\/www.abcinvoice.eu\/fr\/%f0%9f%87%a7%f0%9f%87%aa-facturation-electronique-en-belgique-ce-que-dit-la-loi-et-ce-que-ca-change-pour-vous\/","url":"https:\/\/www.abcinvoice.eu\/fr\/%f0%9f%87%a7%f0%9f%87%aa-facturation-electronique-en-belgique-ce-que-dit-la-loi-et-ce-que-ca-change-pour-vous\/","name":"\ud83c\udde7\ud83c\uddea Facturation \u00e9lectronique en Belgique : ce que dit la loi (et ce que \u00e7a change pour vous) - ABCinvoice.eu","isPartOf":{"@id":"https:\/\/www.abcinvoice.eu\/fr\/#website"},"primaryImageOfPage":{"@id":"https:\/\/www.abcinvoice.eu\/fr\/%f0%9f%87%a7%f0%9f%87%aa-facturation-electronique-en-belgique-ce-que-dit-la-loi-et-ce-que-ca-change-pour-vous\/#primaryimage"},"image":{"@id":"https:\/\/www.abcinvoice.eu\/fr\/%f0%9f%87%a7%f0%9f%87%aa-facturation-electronique-en-belgique-ce-que-dit-la-loi-et-ce-que-ca-change-pour-vous\/#primaryimage"},"thumbnailUrl":"https:\/\/www.abcinvoice.eu\/wp-content\/uploads\/2025\/05\/Flag_of_Belgium_civil.jpg","datePublished":"2025-05-12T13:01:54+00:00","dateModified":"2025-08-06T11:42:34+00:00","breadcrumb":{"@id":"https:\/\/www.abcinvoice.eu\/fr\/%f0%9f%87%a7%f0%9f%87%aa-facturation-electronique-en-belgique-ce-que-dit-la-loi-et-ce-que-ca-change-pour-vous\/#breadcrumb"},"inLanguage":"fr-FR","potentialAction":[{"@type":"ReadAction","target":["https:\/\/www.abcinvoice.eu\/fr\/%f0%9f%87%a7%f0%9f%87%aa-facturation-electronique-en-belgique-ce-que-dit-la-loi-et-ce-que-ca-change-pour-vous\/"]}]},{"@type":"ImageObject","inLanguage":"fr-FR","@id":"https:\/\/www.abcinvoice.eu\/fr\/%f0%9f%87%a7%f0%9f%87%aa-facturation-electronique-en-belgique-ce-que-dit-la-loi-et-ce-que-ca-change-pour-vous\/#primaryimage","url":"https:\/\/www.abcinvoice.eu\/wp-content\/uploads\/2025\/05\/Flag_of_Belgium_civil.jpg","contentUrl":"https:\/\/www.abcinvoice.eu\/wp-content\/uploads\/2025\/05\/Flag_of_Belgium_civil.jpg","width":900,"height":600},{"@type":"BreadcrumbList","@id":"https:\/\/www.abcinvoice.eu\/fr\/%f0%9f%87%a7%f0%9f%87%aa-facturation-electronique-en-belgique-ce-que-dit-la-loi-et-ce-que-ca-change-pour-vous\/#breadcrumb","itemListElement":[{"@type":"ListItem","position":1,"name":"Accueil","item":"https:\/\/www.abcinvoice.eu\/fr\/"},{"@type":"ListItem","position":2,"name":"\ud83c\udde7\ud83c\uddea Facturation \u00e9lectronique en Belgique : ce que dit la loi (et ce que \u00e7a change pour vous)"}]},{"@type":"WebSite","@id":"https:\/\/www.abcinvoice.eu\/fr\/#website","url":"https:\/\/www.abcinvoice.eu\/fr\/","name":"ABCinvoice.eu","description":"La facturation \u00e9lectronique facile","publisher":{"@id":"https:\/\/www.abcinvoice.eu\/fr\/#organization"},"potentialAction":[{"@type":"SearchAction","target":{"@type":"EntryPoint","urlTemplate":"https:\/\/www.abcinvoice.eu\/fr\/?s={search_term_string}"},"query-input":{"@type":"PropertyValueSpecification","valueRequired":true,"valueName":"search_term_string"}}],"inLanguage":"fr-FR"},{"@type":"Organization","@id":"https:\/\/www.abcinvoice.eu\/fr\/#organization","name":"ABCinvoice.eu","url":"https:\/\/www.abcinvoice.eu\/fr\/","logo":{"@type":"ImageObject","inLanguage":"fr-FR","@id":"https:\/\/www.abcinvoice.eu\/fr\/#\/schema\/logo\/image\/","url":"https:\/\/www.abcinvoice.eu\/wp-content\/uploads\/2025\/06\/Fichier-101@2x.png","contentUrl":"https:\/\/www.abcinvoice.eu\/wp-content\/uploads\/2025\/06\/Fichier-101@2x.png","width":1234,"height":155,"caption":"ABCinvoice.eu"},"image":{"@id":"https:\/\/www.abcinvoice.eu\/fr\/#\/schema\/logo\/image\/"}},{"@type":"Person","@id":"https:\/\/www.abcinvoice.eu\/fr\/#\/schema\/person\/e4762270496dd8bd44c62f9e1b73c6aa","name":"Leslie","image":{"@type":"ImageObject","inLanguage":"fr-FR","@id":"https:\/\/secure.gravatar.com\/avatar\/cd1cb64eda9a6d292d4a0092105c44215acd51f94ca92a4650b73581bac029e8?s=96&d=mm&r=g","url":"https:\/\/secure.gravatar.com\/avatar\/cd1cb64eda9a6d292d4a0092105c44215acd51f94ca92a4650b73581bac029e8?s=96&d=mm&r=g","contentUrl":"https:\/\/secure.gravatar.com\/avatar\/cd1cb64eda9a6d292d4a0092105c44215acd51f94ca92a4650b73581bac029e8?s=96&d=mm&r=g","caption":"Leslie"},"url":"https:\/\/www.abcinvoice.eu\/fr\/author\/leslie\/"}]}},"jetpack_featured_media_url":"https:\/\/www.abcinvoice.eu\/wp-content\/uploads\/2025\/05\/Flag_of_Belgium_civil.jpg","jetpack_sharing_enabled":true,"_links":{"self":[{"href":"https:\/\/www.abcinvoice.eu\/fr\/wp-json\/wp\/v2\/posts\/25","targetHints":{"allow":["GET"]}}],"collection":[{"href":"https:\/\/www.abcinvoice.eu\/fr\/wp-json\/wp\/v2\/posts"}],"about":[{"href":"https:\/\/www.abcinvoice.eu\/fr\/wp-json\/wp\/v2\/types\/post"}],"author":[{"embeddable":true,"href":"https:\/\/www.abcinvoice.eu\/fr\/wp-json\/wp\/v2\/users\/5"}],"replies":[{"embeddable":true,"href":"https:\/\/www.abcinvoice.eu\/fr\/wp-json\/wp\/v2\/comments?post=25"}],"version-history":[{"count":7,"href":"https:\/\/www.abcinvoice.eu\/fr\/wp-json\/wp\/v2\/posts\/25\/revisions"}],"predecessor-version":[{"id":2808,"href":"https:\/\/www.abcinvoice.eu\/fr\/wp-json\/wp\/v2\/posts\/25\/revisions\/2808"}],"wp:featuredmedia":[{"embeddable":true,"href":"https:\/\/www.abcinvoice.eu\/fr\/wp-json\/wp\/v2\/media\/1613"}],"wp:attachment":[{"href":"https:\/\/www.abcinvoice.eu\/fr\/wp-json\/wp\/v2\/media?parent=25"}],"wp:term":[{"taxonomy":"category","embeddable":true,"href":"https:\/\/www.abcinvoice.eu\/fr\/wp-json\/wp\/v2\/categories?post=25"},{"taxonomy":"post_tag","embeddable":true,"href":"https:\/\/www.abcinvoice.eu\/fr\/wp-json\/wp\/v2\/tags?post=25"}],"curies":[{"name":"wp","href":"https:\/\/api.w.org\/{rel}","templated":true}]}}