{"id":22,"date":"2025-05-12T15:05:12","date_gmt":"2025-05-12T13:05:12","guid":{"rendered":"https:\/\/www.facture-electronique-facile.eu\/?p=22"},"modified":"2025-08-06T13:42:34","modified_gmt":"2025-08-06T11:42:34","slug":"%f0%9f%87%ab%f0%9f%87%b7-facturation-electronique-en-france-ce-que-dit-la-loi-et-ce-que-ca-change-pour-vous","status":"publish","type":"post","link":"https:\/\/www.abcinvoice.eu\/fr\/%f0%9f%87%ab%f0%9f%87%b7-facturation-electronique-en-france-ce-que-dit-la-loi-et-ce-que-ca-change-pour-vous\/","title":{"rendered":"\ud83c\uddeb\ud83c\uddf7 Facturation \u00e9lectronique en France : ce que dit la loi (et ce que \u00e7a change pour vous)"},"content":{"rendered":"\n<p>La r\u00e9forme arrive, et avec elle, un grand changement dans la fa\u00e7on dont les entreprises vont g\u00e9rer leurs factures. D\u2019ici 2027, <strong>toutes les entreprises devront \u00eatre capables de recevoir \u2014 et parfois d\u2019\u00e9mettre \u2014 leurs factures au format \u00e9lectronique.<\/strong><\/p>\n\n\n\n<p>Pas juste un PDF par mail, mais un format norm\u00e9, transmis via des plateformes sp\u00e9cifiques.<\/p>\n\n\n\n<p>Sans oublier : <strong>les e-reporting exig\u00e9s !<\/strong><\/p>\n\n\n\n<p>Voici ce qu\u2019il faut retenir<\/p>\n\n\n\n<h3 class=\"wp-block-heading\"> <br><strong>Les dates cl\u00e9s \u00e0 retenir<\/strong><\/h3>\n\n\n\n<p>L\u2019entr\u00e9e en vigueur se fera en deux temps, selon la taille de votre entreprise :<\/p>\n\n\n\n<ul class=\"wp-block-list\">\n<li><strong>1er septembre 2026<\/strong> \u2192 Obligation <strong>de recevoir<\/strong> des factures \u00e9lectroniques pour <em>toutes<\/em> les entreprises \u2192 Obligation <strong>d\u2019\u00e9mettre<\/strong> pour les <strong>grandes entreprises<\/strong> et les <strong>entreprises de taille interm\u00e9diaires<\/strong><\/li>\n\n\n\n<li><strong>1er septembre 2027<\/strong> \u2192 Obligation <strong>d\u2019\u00e9mettre<\/strong> pour les <strong>PME<\/strong> et <strong>micro-entreprises<\/strong><\/li>\n<\/ul>\n\n\n\n<h3 class=\"wp-block-heading\"> <br><strong>D\u00e9mat\u00e9rialisation \u2260 Facturation \u00e9lectronique<\/strong><\/h3>\n\n\n\n<p>Passer au tout num\u00e9rique ne veut pas dire qu\u2019on est conforme. Une facture PDF, m\u00eame envoy\u00e9e par email, <strong>n\u2019est pas une facture \u00e9lectronique<\/strong> au sens de la r\u00e9forme.<\/p>\n\n\n\n<p>Une <strong>v\u00e9ritable facture \u00e9lectronique<\/strong> :<\/p>\n\n\n\n<ul class=\"wp-block-list\">\n<li>respecte un <strong>format structur\u00e9<\/strong> (Factur-X, UBL, CII\u2026)<\/li>\n\n\n\n<li>contient <strong>des donn\u00e9es lisibles automatiquement<\/strong><\/li>\n\n\n\n<li>est transmise via une <strong>plateforme d\u00e9di\u00e9e<\/strong><\/li>\n<\/ul>\n\n\n\n<p>En r\u00e9sum\u00e9 : il ne suffit pas de scanner ou d\u2019envoyer un PDF, il faut passer par un canal certifi\u00e9 et respecter un format pr\u00e9cis.<\/p>\n\n\n\n<p><strong>Plus d&rsquo;information <a style=\"color:#05AC72\" data-type=\"post\" data-id=\"28\" href=\"https:\/\/www.abcinvoice.eu\/fr\/dematerialisation-et-facturation-electronique-attention-a-ne-pas-confondre\/\">ici<\/a><\/strong><\/p>\n\n\n\n<h3 class=\"wp-block-heading\"><strong> <\/strong><br><strong>Comment \u00e7a va fonctionner ?<\/strong><\/h3>\n\n\n\n<p>\u00c0 partir de 2026, les factures ne transiteront plus directement entre clients et fournisseurs. Elles passeront par des <strong>plateformes de d\u00e9mat\u00e9rialisation partenaire (PDP).<\/strong><\/p>\n\n\n\n<p>Chaque entreprise devra :<\/p>\n\n\n\n<ul class=\"wp-block-list\">\n<li>choisir une plateforme agr\u00e9\u00e9e<\/li>\n\n\n\n<li>y envoyer et\/ou y recevoir ses factures \u00e9lectroniques<\/li>\n\n\n\n<li>s&rsquo;assurer que ses outils sont compatibles<\/li>\n<\/ul>\n\n\n\n<p>C\u2019est pour vous simplifier cette transition que <strong>ABCinvoice.eu devient devient op\u00e9rateur de d\u00e9mat\u00e9rialisation<\/strong> et travaille en lien avec une <strong>plateforme de d\u00e9mat\u00e9rialisation immatricul\u00e9e<\/strong> par l\u2019administration fiscale.<\/p>\n\n\n\n<h3 class=\"wp-block-heading\"> <br>Et le e-reporting <strong>?<\/strong><\/h3>\n\n\n\n<p>Avec la g\u00e9n\u00e9ralisation de la facturation \u00e9lectronique, le <strong>e-reporting<\/strong> devient \u00e9galement une obligation l\u00e9gale. Cette seconde facette de la r\u00e9forme ne doit pas \u00eatre sous-estim\u00e9e. Toujours via une <strong>plateforme de d\u00e9mat\u00e9rialisation partenaire (PDP)<\/strong>, chaque entreprise devra transmettre :<\/p>\n\n\n\n<ul class=\"wp-block-list\">\n<li>les informations de facturation pour les transactions hors factures \u00e9lectroniques (ventes \u00e0 des particuliers\u2026),<\/li>\n\n\n\n<li>les donn\u00e9es d\u2019encaissement de toutes les factures \u00e9mises (\u00e9lectroniques et non \u00e9lectroniques),<\/li>\n\n\n\n<li>les donn\u00e9es des factures re\u00e7ues hors factures \u00e9lectroniques (fournisseurs \u00e9trangers&#8230;)<\/li>\n\n\n\n<li>les donn\u00e9es des paiements pour les factures re\u00e7ues en dehors du circuit de facturation \u00e9lectronique.<\/li>\n<\/ul>\n\n\n\n<p><strong>ABCinvoice.eu int\u00e8gre nativement le e-reporting dans son outil<\/strong> : tout est centralis\u00e9, automatis\u00e9 et conforme aux exigences de l\u2019administration fiscale.<\/p>\n\n\n\n<h3 class=\"wp-block-heading\"><strong> <\/strong><br><strong>Qui est concern\u00e9 ?<\/strong><\/h3>\n\n\n\n<p>La facturation \u00e9lectronique s\u2019applique \u00e0 <strong>toutes les entreprises assujetties \u00e0 la TVA \u00e9tablies en France<\/strong>, dans le cadre de transactions B2B (entre professionnels).<\/p>\n\n\n\n<h3 class=\"wp-block-heading\"> <br><strong>Et en Outre-mer ?<\/strong><\/h3>\n\n\n\n<ul class=\"wp-block-list\">\n<li>Concernant les DROM (D\u00e9partements et R\u00e9gions d&rsquo;Outre-Mer)&nbsp;<strong>: Guadeloupe<\/strong>, <strong>Martinique<\/strong>, <strong>La R\u00e9union<\/strong> sont <strong>concern\u00e9s<\/strong> par la r\u00e9forme. En revanche, la <strong>Guyane<\/strong> et <strong>Mayotte<\/strong> ne le sont <strong>pas<\/strong>, car la TVA ne s\u2019y applique pas.<\/li>\n\n\n\n<li>Les autre COM &#8211; Collectivit\u00e9s d&rsquo;Outre-Mer (Nouvelle Cal\u00e9donie, Polyn\u00e9sie fran\u00e7aise, Saint-Pierre-et-Miquelon, Saint-Barth\u00e9lemy, Saint-Martin, Wallis-et-Futuna\u2026) ne sont <strong>pas concern\u00e9es<\/strong> non plus.<\/li>\n<\/ul>\n\n\n\n<p>Mais attention ! une entreprise situ\u00e9e en m\u00e9tropole et travaillant avec ces zones <strong>peut devoir transmettre certaines donn\u00e9es \u00e0 l\u2019administration fiscale<\/strong> dans le cadre du <strong>e-reporting<\/strong>.<\/p>\n\n\n\n<h3 class=\"wp-block-heading\"> <br><strong>En r\u00e9sum\u00e9<\/strong><\/h3>\n\n\n\n<ul class=\"wp-block-list\">\n<li>La r\u00e9forme commence en <strong>septembre 2026<\/strong><\/li>\n\n\n\n<li><strong>Toutes les entreprises<\/strong> devront pouvoir <strong>recevoir<\/strong> des factures \u00e9lectroniques \u00e0 cette date.<\/li>\n\n\n\n<li>L\u2019<strong>\u00e9mission<\/strong> sera obligatoire plus tard, selon la taille de l\u2019entreprise<\/li>\n\n\n\n<li>Il faut distinguer <strong>PDF \u2260 facture \u00e9lectronique<\/strong><\/li>\n\n\n\n<li>Il est temps de se pr\u00e9parer : choix d\u2019une plateforme, mise \u00e0 jour des outils, accompagnement<\/li>\n<\/ul>\n\n\n\n<p>Besoin d\u2019un accompagnement simple et clair pour franchir le cap ?<\/p>\n\n\n\n<p><strong><strong>ABCinvoice.eu<\/strong> est l\u00e0 pour vous guider \u00e0 chaque \u00e9tape.<\/strong><\/p>\n","protected":false},"excerpt":{"rendered":"<p>La r\u00e9forme arrive, et avec elle, un grand changement dans la fa\u00e7on dont les entreprises vont g\u00e9rer leurs factures. D\u2019ici 2027, toutes les entreprises devront \u00eatre capables de recevoir \u2014 et parfois d\u2019\u00e9mettre \u2014 leurs factures au format \u00e9lectronique. Pas juste un PDF par mail, mais un format norm\u00e9, transmis via des plateformes sp\u00e9cifiques. Sans [&hellip;]<\/p>\n","protected":false},"author":5,"featured_media":1610,"comment_status":"closed","ping_status":"open","sticky":false,"template":"","format":"standard","meta":{"_jetpack_memberships_contains_paid_content":false,"footnotes":""},"categories":[21],"tags":[26,30,33,27,32,28],"class_list":["post-22","post","type-post","status-publish","format-standard","has-post-thumbnail","hentry","category-reglementation","tag-calendrier","tag-dates","tag-e-reporting","tag-france","tag-peppol","tag-tva"],"yoast_head":"<!-- This site is optimized with the Yoast SEO plugin v27.5 - https:\/\/yoast.com\/product\/yoast-seo-wordpress\/ -->\n<title>\ud83c\uddeb\ud83c\uddf7 Facturation \u00e9lectronique en France : ce que dit la loi (et ce que \u00e7a change pour vous) - ABCinvoice.eu<\/title>\n<meta name=\"robots\" content=\"index, follow, max-snippet:-1, max-image-preview:large, max-video-preview:-1\" \/>\n<link rel=\"canonical\" href=\"https:\/\/www.abcinvoice.eu\/fr\/%f0%9f%87%ab%f0%9f%87%b7-facturation-electronique-en-france-ce-que-dit-la-loi-et-ce-que-ca-change-pour-vous\/\" \/>\n<meta property=\"og:locale\" content=\"fr_FR\" \/>\n<meta property=\"og:type\" content=\"article\" \/>\n<meta property=\"og:title\" content=\"\ud83c\uddeb\ud83c\uddf7 Facturation \u00e9lectronique en France : ce que dit la loi (et ce que \u00e7a change pour vous) - ABCinvoice.eu\" \/>\n<meta property=\"og:description\" content=\"La r\u00e9forme arrive, et avec elle, un grand changement dans la fa\u00e7on dont les entreprises vont g\u00e9rer leurs factures. D\u2019ici 2027, toutes les entreprises devront \u00eatre capables de recevoir \u2014 et parfois d\u2019\u00e9mettre \u2014 leurs factures au format \u00e9lectronique. Pas juste un PDF par mail, mais un format norm\u00e9, transmis via des plateformes sp\u00e9cifiques. Sans [&hellip;]\" \/>\n<meta property=\"og:url\" content=\"https:\/\/www.abcinvoice.eu\/fr\/%f0%9f%87%ab%f0%9f%87%b7-facturation-electronique-en-france-ce-que-dit-la-loi-et-ce-que-ca-change-pour-vous\/\" \/>\n<meta property=\"og:site_name\" content=\"ABCinvoice.eu\" \/>\n<meta property=\"article:published_time\" content=\"2025-05-12T13:05:12+00:00\" \/>\n<meta property=\"article:modified_time\" content=\"2025-08-06T11:42:34+00:00\" \/>\n<meta property=\"og:image\" content=\"https:\/\/www.abcinvoice.eu\/wp-content\/uploads\/2025\/05\/Ensign_of_France.svg_.png\" \/>\n\t<meta property=\"og:image:width\" content=\"250\" \/>\n\t<meta property=\"og:image:height\" content=\"167\" \/>\n\t<meta property=\"og:image:type\" content=\"image\/png\" \/>\n<meta name=\"author\" content=\"Leslie\" \/>\n<meta name=\"twitter:card\" content=\"summary_large_image\" \/>\n<meta name=\"twitter:label1\" content=\"\u00c9crit par\" \/>\n\t<meta name=\"twitter:data1\" content=\"Leslie\" \/>\n\t<meta name=\"twitter:label2\" content=\"Dur\u00e9e de lecture estim\u00e9e\" \/>\n\t<meta name=\"twitter:data2\" content=\"3 minutes\" \/>\n<script type=\"application\/ld+json\" class=\"yoast-schema-graph\">{\"@context\":\"https:\\\/\\\/schema.org\",\"@graph\":[{\"@type\":\"Article\",\"@id\":\"https:\\\/\\\/www.abcinvoice.eu\\\/fr\\\/%f0%9f%87%ab%f0%9f%87%b7-facturation-electronique-en-france-ce-que-dit-la-loi-et-ce-que-ca-change-pour-vous\\\/#article\",\"isPartOf\":{\"@id\":\"https:\\\/\\\/www.abcinvoice.eu\\\/fr\\\/%f0%9f%87%ab%f0%9f%87%b7-facturation-electronique-en-france-ce-que-dit-la-loi-et-ce-que-ca-change-pour-vous\\\/\"},\"author\":{\"name\":\"Leslie\",\"@id\":\"https:\\\/\\\/www.abcinvoice.eu\\\/fr\\\/#\\\/schema\\\/person\\\/e4762270496dd8bd44c62f9e1b73c6aa\"},\"headline\":\"\ud83c\uddeb\ud83c\uddf7 Facturation \u00e9lectronique en France : ce que dit la loi (et ce que \u00e7a change pour vous)\",\"datePublished\":\"2025-05-12T13:05:12+00:00\",\"dateModified\":\"2025-08-06T11:42:34+00:00\",\"mainEntityOfPage\":{\"@id\":\"https:\\\/\\\/www.abcinvoice.eu\\\/fr\\\/%f0%9f%87%ab%f0%9f%87%b7-facturation-electronique-en-france-ce-que-dit-la-loi-et-ce-que-ca-change-pour-vous\\\/\"},\"wordCount\":648,\"publisher\":{\"@id\":\"https:\\\/\\\/www.abcinvoice.eu\\\/fr\\\/#organization\"},\"image\":{\"@id\":\"https:\\\/\\\/www.abcinvoice.eu\\\/fr\\\/%f0%9f%87%ab%f0%9f%87%b7-facturation-electronique-en-france-ce-que-dit-la-loi-et-ce-que-ca-change-pour-vous\\\/#primaryimage\"},\"thumbnailUrl\":\"https:\\\/\\\/www.abcinvoice.eu\\\/wp-content\\\/uploads\\\/2025\\\/05\\\/Ensign_of_France.svg_.png\",\"keywords\":[\"calendrier\",\"dates\",\"e-reporting\",\"France\",\"PEPPOL\",\"TVA\"],\"articleSection\":[\"R\u00e8glementation\"],\"inLanguage\":\"fr-FR\"},{\"@type\":\"WebPage\",\"@id\":\"https:\\\/\\\/www.abcinvoice.eu\\\/fr\\\/%f0%9f%87%ab%f0%9f%87%b7-facturation-electronique-en-france-ce-que-dit-la-loi-et-ce-que-ca-change-pour-vous\\\/\",\"url\":\"https:\\\/\\\/www.abcinvoice.eu\\\/fr\\\/%f0%9f%87%ab%f0%9f%87%b7-facturation-electronique-en-france-ce-que-dit-la-loi-et-ce-que-ca-change-pour-vous\\\/\",\"name\":\"\ud83c\uddeb\ud83c\uddf7 Facturation \u00e9lectronique en France : ce que dit la loi (et ce que \u00e7a change pour vous) - ABCinvoice.eu\",\"isPartOf\":{\"@id\":\"https:\\\/\\\/www.abcinvoice.eu\\\/fr\\\/#website\"},\"primaryImageOfPage\":{\"@id\":\"https:\\\/\\\/www.abcinvoice.eu\\\/fr\\\/%f0%9f%87%ab%f0%9f%87%b7-facturation-electronique-en-france-ce-que-dit-la-loi-et-ce-que-ca-change-pour-vous\\\/#primaryimage\"},\"image\":{\"@id\":\"https:\\\/\\\/www.abcinvoice.eu\\\/fr\\\/%f0%9f%87%ab%f0%9f%87%b7-facturation-electronique-en-france-ce-que-dit-la-loi-et-ce-que-ca-change-pour-vous\\\/#primaryimage\"},\"thumbnailUrl\":\"https:\\\/\\\/www.abcinvoice.eu\\\/wp-content\\\/uploads\\\/2025\\\/05\\\/Ensign_of_France.svg_.png\",\"datePublished\":\"2025-05-12T13:05:12+00:00\",\"dateModified\":\"2025-08-06T11:42:34+00:00\",\"breadcrumb\":{\"@id\":\"https:\\\/\\\/www.abcinvoice.eu\\\/fr\\\/%f0%9f%87%ab%f0%9f%87%b7-facturation-electronique-en-france-ce-que-dit-la-loi-et-ce-que-ca-change-pour-vous\\\/#breadcrumb\"},\"inLanguage\":\"fr-FR\",\"potentialAction\":[{\"@type\":\"ReadAction\",\"target\":[\"https:\\\/\\\/www.abcinvoice.eu\\\/fr\\\/%f0%9f%87%ab%f0%9f%87%b7-facturation-electronique-en-france-ce-que-dit-la-loi-et-ce-que-ca-change-pour-vous\\\/\"]}]},{\"@type\":\"ImageObject\",\"inLanguage\":\"fr-FR\",\"@id\":\"https:\\\/\\\/www.abcinvoice.eu\\\/fr\\\/%f0%9f%87%ab%f0%9f%87%b7-facturation-electronique-en-france-ce-que-dit-la-loi-et-ce-que-ca-change-pour-vous\\\/#primaryimage\",\"url\":\"https:\\\/\\\/www.abcinvoice.eu\\\/wp-content\\\/uploads\\\/2025\\\/05\\\/Ensign_of_France.svg_.png\",\"contentUrl\":\"https:\\\/\\\/www.abcinvoice.eu\\\/wp-content\\\/uploads\\\/2025\\\/05\\\/Ensign_of_France.svg_.png\",\"width\":250,\"height\":167},{\"@type\":\"BreadcrumbList\",\"@id\":\"https:\\\/\\\/www.abcinvoice.eu\\\/fr\\\/%f0%9f%87%ab%f0%9f%87%b7-facturation-electronique-en-france-ce-que-dit-la-loi-et-ce-que-ca-change-pour-vous\\\/#breadcrumb\",\"itemListElement\":[{\"@type\":\"ListItem\",\"position\":1,\"name\":\"Accueil\",\"item\":\"https:\\\/\\\/www.abcinvoice.eu\\\/fr\\\/\"},{\"@type\":\"ListItem\",\"position\":2,\"name\":\"\ud83c\uddeb\ud83c\uddf7 Facturation \u00e9lectronique en France : ce que dit la loi (et ce que \u00e7a change pour vous)\"}]},{\"@type\":\"WebSite\",\"@id\":\"https:\\\/\\\/www.abcinvoice.eu\\\/fr\\\/#website\",\"url\":\"https:\\\/\\\/www.abcinvoice.eu\\\/fr\\\/\",\"name\":\"ABCinvoice.eu\",\"description\":\"La facturation \u00e9lectronique facile\",\"publisher\":{\"@id\":\"https:\\\/\\\/www.abcinvoice.eu\\\/fr\\\/#organization\"},\"potentialAction\":[{\"@type\":\"SearchAction\",\"target\":{\"@type\":\"EntryPoint\",\"urlTemplate\":\"https:\\\/\\\/www.abcinvoice.eu\\\/fr\\\/?s={search_term_string}\"},\"query-input\":{\"@type\":\"PropertyValueSpecification\",\"valueRequired\":true,\"valueName\":\"search_term_string\"}}],\"inLanguage\":\"fr-FR\"},{\"@type\":\"Organization\",\"@id\":\"https:\\\/\\\/www.abcinvoice.eu\\\/fr\\\/#organization\",\"name\":\"ABCinvoice.eu\",\"url\":\"https:\\\/\\\/www.abcinvoice.eu\\\/fr\\\/\",\"logo\":{\"@type\":\"ImageObject\",\"inLanguage\":\"fr-FR\",\"@id\":\"https:\\\/\\\/www.abcinvoice.eu\\\/fr\\\/#\\\/schema\\\/logo\\\/image\\\/\",\"url\":\"https:\\\/\\\/www.abcinvoice.eu\\\/wp-content\\\/uploads\\\/2025\\\/06\\\/Fichier-101@2x.png\",\"contentUrl\":\"https:\\\/\\\/www.abcinvoice.eu\\\/wp-content\\\/uploads\\\/2025\\\/06\\\/Fichier-101@2x.png\",\"width\":1234,\"height\":155,\"caption\":\"ABCinvoice.eu\"},\"image\":{\"@id\":\"https:\\\/\\\/www.abcinvoice.eu\\\/fr\\\/#\\\/schema\\\/logo\\\/image\\\/\"}},{\"@type\":\"Person\",\"@id\":\"https:\\\/\\\/www.abcinvoice.eu\\\/fr\\\/#\\\/schema\\\/person\\\/e4762270496dd8bd44c62f9e1b73c6aa\",\"name\":\"Leslie\",\"image\":{\"@type\":\"ImageObject\",\"inLanguage\":\"fr-FR\",\"@id\":\"https:\\\/\\\/secure.gravatar.com\\\/avatar\\\/cd1cb64eda9a6d292d4a0092105c44215acd51f94ca92a4650b73581bac029e8?s=96&d=mm&r=g\",\"url\":\"https:\\\/\\\/secure.gravatar.com\\\/avatar\\\/cd1cb64eda9a6d292d4a0092105c44215acd51f94ca92a4650b73581bac029e8?s=96&d=mm&r=g\",\"contentUrl\":\"https:\\\/\\\/secure.gravatar.com\\\/avatar\\\/cd1cb64eda9a6d292d4a0092105c44215acd51f94ca92a4650b73581bac029e8?s=96&d=mm&r=g\",\"caption\":\"Leslie\"},\"url\":\"https:\\\/\\\/www.abcinvoice.eu\\\/fr\\\/author\\\/leslie\\\/\"}]}<\/script>\n<!-- \/ Yoast SEO plugin. -->","yoast_head_json":{"title":"\ud83c\uddeb\ud83c\uddf7 Facturation \u00e9lectronique en France : ce que dit la loi (et ce que \u00e7a change pour vous) - ABCinvoice.eu","robots":{"index":"index","follow":"follow","max-snippet":"max-snippet:-1","max-image-preview":"max-image-preview:large","max-video-preview":"max-video-preview:-1"},"canonical":"https:\/\/www.abcinvoice.eu\/fr\/%f0%9f%87%ab%f0%9f%87%b7-facturation-electronique-en-france-ce-que-dit-la-loi-et-ce-que-ca-change-pour-vous\/","og_locale":"fr_FR","og_type":"article","og_title":"\ud83c\uddeb\ud83c\uddf7 Facturation \u00e9lectronique en France : ce que dit la loi (et ce que \u00e7a change pour vous) - ABCinvoice.eu","og_description":"La r\u00e9forme arrive, et avec elle, un grand changement dans la fa\u00e7on dont les entreprises vont g\u00e9rer leurs factures. D\u2019ici 2027, toutes les entreprises devront \u00eatre capables de recevoir \u2014 et parfois d\u2019\u00e9mettre \u2014 leurs factures au format \u00e9lectronique. Pas juste un PDF par mail, mais un format norm\u00e9, transmis via des plateformes sp\u00e9cifiques. Sans [&hellip;]","og_url":"https:\/\/www.abcinvoice.eu\/fr\/%f0%9f%87%ab%f0%9f%87%b7-facturation-electronique-en-france-ce-que-dit-la-loi-et-ce-que-ca-change-pour-vous\/","og_site_name":"ABCinvoice.eu","article_published_time":"2025-05-12T13:05:12+00:00","article_modified_time":"2025-08-06T11:42:34+00:00","og_image":[{"width":250,"height":167,"url":"https:\/\/www.abcinvoice.eu\/wp-content\/uploads\/2025\/05\/Ensign_of_France.svg_.png","type":"image\/png"}],"author":"Leslie","twitter_card":"summary_large_image","twitter_misc":{"\u00c9crit par":"Leslie","Dur\u00e9e de lecture estim\u00e9e":"3 minutes"},"schema":{"@context":"https:\/\/schema.org","@graph":[{"@type":"Article","@id":"https:\/\/www.abcinvoice.eu\/fr\/%f0%9f%87%ab%f0%9f%87%b7-facturation-electronique-en-france-ce-que-dit-la-loi-et-ce-que-ca-change-pour-vous\/#article","isPartOf":{"@id":"https:\/\/www.abcinvoice.eu\/fr\/%f0%9f%87%ab%f0%9f%87%b7-facturation-electronique-en-france-ce-que-dit-la-loi-et-ce-que-ca-change-pour-vous\/"},"author":{"name":"Leslie","@id":"https:\/\/www.abcinvoice.eu\/fr\/#\/schema\/person\/e4762270496dd8bd44c62f9e1b73c6aa"},"headline":"\ud83c\uddeb\ud83c\uddf7 Facturation \u00e9lectronique en France : ce que dit la loi (et ce que \u00e7a change pour vous)","datePublished":"2025-05-12T13:05:12+00:00","dateModified":"2025-08-06T11:42:34+00:00","mainEntityOfPage":{"@id":"https:\/\/www.abcinvoice.eu\/fr\/%f0%9f%87%ab%f0%9f%87%b7-facturation-electronique-en-france-ce-que-dit-la-loi-et-ce-que-ca-change-pour-vous\/"},"wordCount":648,"publisher":{"@id":"https:\/\/www.abcinvoice.eu\/fr\/#organization"},"image":{"@id":"https:\/\/www.abcinvoice.eu\/fr\/%f0%9f%87%ab%f0%9f%87%b7-facturation-electronique-en-france-ce-que-dit-la-loi-et-ce-que-ca-change-pour-vous\/#primaryimage"},"thumbnailUrl":"https:\/\/www.abcinvoice.eu\/wp-content\/uploads\/2025\/05\/Ensign_of_France.svg_.png","keywords":["calendrier","dates","e-reporting","France","PEPPOL","TVA"],"articleSection":["R\u00e8glementation"],"inLanguage":"fr-FR"},{"@type":"WebPage","@id":"https:\/\/www.abcinvoice.eu\/fr\/%f0%9f%87%ab%f0%9f%87%b7-facturation-electronique-en-france-ce-que-dit-la-loi-et-ce-que-ca-change-pour-vous\/","url":"https:\/\/www.abcinvoice.eu\/fr\/%f0%9f%87%ab%f0%9f%87%b7-facturation-electronique-en-france-ce-que-dit-la-loi-et-ce-que-ca-change-pour-vous\/","name":"\ud83c\uddeb\ud83c\uddf7 Facturation \u00e9lectronique en France : ce que dit la loi (et ce que \u00e7a change pour vous) - ABCinvoice.eu","isPartOf":{"@id":"https:\/\/www.abcinvoice.eu\/fr\/#website"},"primaryImageOfPage":{"@id":"https:\/\/www.abcinvoice.eu\/fr\/%f0%9f%87%ab%f0%9f%87%b7-facturation-electronique-en-france-ce-que-dit-la-loi-et-ce-que-ca-change-pour-vous\/#primaryimage"},"image":{"@id":"https:\/\/www.abcinvoice.eu\/fr\/%f0%9f%87%ab%f0%9f%87%b7-facturation-electronique-en-france-ce-que-dit-la-loi-et-ce-que-ca-change-pour-vous\/#primaryimage"},"thumbnailUrl":"https:\/\/www.abcinvoice.eu\/wp-content\/uploads\/2025\/05\/Ensign_of_France.svg_.png","datePublished":"2025-05-12T13:05:12+00:00","dateModified":"2025-08-06T11:42:34+00:00","breadcrumb":{"@id":"https:\/\/www.abcinvoice.eu\/fr\/%f0%9f%87%ab%f0%9f%87%b7-facturation-electronique-en-france-ce-que-dit-la-loi-et-ce-que-ca-change-pour-vous\/#breadcrumb"},"inLanguage":"fr-FR","potentialAction":[{"@type":"ReadAction","target":["https:\/\/www.abcinvoice.eu\/fr\/%f0%9f%87%ab%f0%9f%87%b7-facturation-electronique-en-france-ce-que-dit-la-loi-et-ce-que-ca-change-pour-vous\/"]}]},{"@type":"ImageObject","inLanguage":"fr-FR","@id":"https:\/\/www.abcinvoice.eu\/fr\/%f0%9f%87%ab%f0%9f%87%b7-facturation-electronique-en-france-ce-que-dit-la-loi-et-ce-que-ca-change-pour-vous\/#primaryimage","url":"https:\/\/www.abcinvoice.eu\/wp-content\/uploads\/2025\/05\/Ensign_of_France.svg_.png","contentUrl":"https:\/\/www.abcinvoice.eu\/wp-content\/uploads\/2025\/05\/Ensign_of_France.svg_.png","width":250,"height":167},{"@type":"BreadcrumbList","@id":"https:\/\/www.abcinvoice.eu\/fr\/%f0%9f%87%ab%f0%9f%87%b7-facturation-electronique-en-france-ce-que-dit-la-loi-et-ce-que-ca-change-pour-vous\/#breadcrumb","itemListElement":[{"@type":"ListItem","position":1,"name":"Accueil","item":"https:\/\/www.abcinvoice.eu\/fr\/"},{"@type":"ListItem","position":2,"name":"\ud83c\uddeb\ud83c\uddf7 Facturation \u00e9lectronique en France : ce que dit la loi (et ce que \u00e7a change pour vous)"}]},{"@type":"WebSite","@id":"https:\/\/www.abcinvoice.eu\/fr\/#website","url":"https:\/\/www.abcinvoice.eu\/fr\/","name":"ABCinvoice.eu","description":"La facturation \u00e9lectronique facile","publisher":{"@id":"https:\/\/www.abcinvoice.eu\/fr\/#organization"},"potentialAction":[{"@type":"SearchAction","target":{"@type":"EntryPoint","urlTemplate":"https:\/\/www.abcinvoice.eu\/fr\/?s={search_term_string}"},"query-input":{"@type":"PropertyValueSpecification","valueRequired":true,"valueName":"search_term_string"}}],"inLanguage":"fr-FR"},{"@type":"Organization","@id":"https:\/\/www.abcinvoice.eu\/fr\/#organization","name":"ABCinvoice.eu","url":"https:\/\/www.abcinvoice.eu\/fr\/","logo":{"@type":"ImageObject","inLanguage":"fr-FR","@id":"https:\/\/www.abcinvoice.eu\/fr\/#\/schema\/logo\/image\/","url":"https:\/\/www.abcinvoice.eu\/wp-content\/uploads\/2025\/06\/Fichier-101@2x.png","contentUrl":"https:\/\/www.abcinvoice.eu\/wp-content\/uploads\/2025\/06\/Fichier-101@2x.png","width":1234,"height":155,"caption":"ABCinvoice.eu"},"image":{"@id":"https:\/\/www.abcinvoice.eu\/fr\/#\/schema\/logo\/image\/"}},{"@type":"Person","@id":"https:\/\/www.abcinvoice.eu\/fr\/#\/schema\/person\/e4762270496dd8bd44c62f9e1b73c6aa","name":"Leslie","image":{"@type":"ImageObject","inLanguage":"fr-FR","@id":"https:\/\/secure.gravatar.com\/avatar\/cd1cb64eda9a6d292d4a0092105c44215acd51f94ca92a4650b73581bac029e8?s=96&d=mm&r=g","url":"https:\/\/secure.gravatar.com\/avatar\/cd1cb64eda9a6d292d4a0092105c44215acd51f94ca92a4650b73581bac029e8?s=96&d=mm&r=g","contentUrl":"https:\/\/secure.gravatar.com\/avatar\/cd1cb64eda9a6d292d4a0092105c44215acd51f94ca92a4650b73581bac029e8?s=96&d=mm&r=g","caption":"Leslie"},"url":"https:\/\/www.abcinvoice.eu\/fr\/author\/leslie\/"}]}},"jetpack_featured_media_url":"https:\/\/www.abcinvoice.eu\/wp-content\/uploads\/2025\/05\/Ensign_of_France.svg_.png","jetpack_sharing_enabled":true,"_links":{"self":[{"href":"https:\/\/www.abcinvoice.eu\/fr\/wp-json\/wp\/v2\/posts\/22","targetHints":{"allow":["GET"]}}],"collection":[{"href":"https:\/\/www.abcinvoice.eu\/fr\/wp-json\/wp\/v2\/posts"}],"about":[{"href":"https:\/\/www.abcinvoice.eu\/fr\/wp-json\/wp\/v2\/types\/post"}],"author":[{"embeddable":true,"href":"https:\/\/www.abcinvoice.eu\/fr\/wp-json\/wp\/v2\/users\/5"}],"replies":[{"embeddable":true,"href":"https:\/\/www.abcinvoice.eu\/fr\/wp-json\/wp\/v2\/comments?post=22"}],"version-history":[{"count":9,"href":"https:\/\/www.abcinvoice.eu\/fr\/wp-json\/wp\/v2\/posts\/22\/revisions"}],"predecessor-version":[{"id":2809,"href":"https:\/\/www.abcinvoice.eu\/fr\/wp-json\/wp\/v2\/posts\/22\/revisions\/2809"}],"wp:featuredmedia":[{"embeddable":true,"href":"https:\/\/www.abcinvoice.eu\/fr\/wp-json\/wp\/v2\/media\/1610"}],"wp:attachment":[{"href":"https:\/\/www.abcinvoice.eu\/fr\/wp-json\/wp\/v2\/media?parent=22"}],"wp:term":[{"taxonomy":"category","embeddable":true,"href":"https:\/\/www.abcinvoice.eu\/fr\/wp-json\/wp\/v2\/categories?post=22"},{"taxonomy":"post_tag","embeddable":true,"href":"https:\/\/www.abcinvoice.eu\/fr\/wp-json\/wp\/v2\/tags?post=22"}],"curies":[{"name":"wp","href":"https:\/\/api.w.org\/{rel}","templated":true}]}}