{"id":1514,"date":"2025-07-17T14:01:07","date_gmt":"2025-07-17T12:01:07","guid":{"rendered":"http:\/\/www.abcinvoice.eu\/?p=1514"},"modified":"2025-11-23T18:25:37","modified_gmt":"2025-11-23T17:25:37","slug":"obligations-legales-par-pays-sur-la-facturation-electronique","status":"publish","type":"post","link":"https:\/\/www.abcinvoice.eu\/fr\/obligations-legales-par-pays-sur-la-facturation-electronique\/","title":{"rendered":"Obligations l\u00e9gales par pays sur la facturation \u00e9lectronique"},"content":{"rendered":"<p><strong>D\u00e9couvrez-en plus sur les diff\u00e9rentes obligations l\u00e9gales par pays.<br \/><\/strong><strong>Soyez pr\u00eat avant les r\u00e9formes qui vous concernent !<\/strong><\/p>\n<h2><strong>FRANCE \ud83c\uddeb\ud83c\uddf7<\/strong><\/h2>\n<p><strong>1\u1d49\u02b3\u00a0septembre 2026<\/strong>\u00a0: r\u00e9ception obligatoire pour\u00a0<strong>toutes les entreprises<\/strong><\/p>\n<p><strong>1\u1d49\u02b3\u00a0septembre 2026<\/strong>\u00a0: envoi obligatoire pour les\u00a0<strong>grandes entreprises et ETI<\/strong><\/p>\n<p><strong>1\u1d49\u02b3\u00a0septembre 2027<\/strong>\u00a0: envoi obligatoire pour les\u00a0<strong>PME et micro-entreprises<\/strong><\/p>\n<h2><strong>BELGIQUE<\/strong> \ud83c\udde7\ud83c\uddea<\/h2>\n<p><strong>1\u1d49\u02b3\u00a0janvier 2026<\/strong>\u00a0: envoi et r\u00e9ception obligatoires pour\u00a0<strong>toutes les entreprises<\/strong><\/p>\n<h2><strong>LUXEMBOURG<\/strong> \ud83c\uddf1\ud83c\uddfa<\/h2>\n<p>Envoi obligatoire pour les\u00a0<strong>fournisseurs de l\u2019administration f\u00e9d\u00e9rale<\/strong>\u00a0depuis\u00a0<strong>2016<\/strong><\/p>\n<p><strong>Pas de date pr\u00e9vue pour le priv\u00e9<\/strong>, mais c\u2019est\u00a0<strong>fortement recommand\u00e9<\/strong><\/p>\n<h2><strong>SUISSE<\/strong> \ud83c\udde8\ud83c\udded<\/h2>\n<p>Envoi obligatoire pour les\u00a0<strong>march\u00e9s publics<\/strong>\u00a0depuis\u00a0<strong>2022<\/strong>, selon la taille de l\u2019entreprise<\/p>\n<p><strong>Pas de date pr\u00e9vue pour le secteur priv\u00e9<\/strong>, mais\u00a0<strong>les entreprises sont encourag\u00e9es \u00e0 utiliser la facturation \u00e9lectronique<\/strong><\/p>\n\n\n<p>________<\/p>\n\n\n\n<p><\/p>\n\n\n\n<p class=\"has-black-color has-text-color has-link-color wp-elements-36687b817180f8a20ba827e268907aab\"><strong>Point sur la Belgique et la France<\/strong> :<strong> le Socle Commun d&rsquo;Obligations<\/strong><\/p>\n\n\n\n<p>La France et la Belgique partagent un ensemble de mentions obligatoires fondamentales, garantissant une base coh\u00e9rente pour la facturation transfrontali\u00e8re.<\/p>\n\n\n\n<figure class=\"wp-block-table\"><table class=\"has-fixed-layout\"><thead><tr><td>Cat\u00e9gorie<\/td><td>Mention Obligatoire Com<strong>mune<\/strong><\/td><\/tr><\/thead><tbody><tr><td>Identification de la Facture<\/td><td>\u2022 Date d&rsquo;\u00e9mission de la facture<br>\u2022 Num\u00e9ro de facture unique, s\u00e9quentiel et continu<br>\u2022 Date de l&rsquo;op\u00e9ration (si diff\u00e9rente de la date d&rsquo;\u00e9mission)<\/td><\/tr><tr><td>Identification des Parties<\/td><td>\u2022 Nom complet ou d\u00e9nomination sociale du fournisseur et du client<br>\u2022 Adresse compl\u00e8te du fournisseur et du client<br>\u2022 Num\u00e9ro d&rsquo;identification \u00e0 la TVA du fournisseur et du client (si assujetti)<\/td><\/tr><tr><td>D\u00e9tail de l&rsquo;Op\u00e9ration<\/td><td>\u2022 Description pr\u00e9cise des biens livr\u00e9s ou des services rendus<br>\u2022 Quantit\u00e9 des biens ou \u00e9tendue des services<br>\u2022 Prix unitaire hors taxe (HT)<\/td><\/tr><tr><td>Informations sur la TVA<\/td><td>\u2022 Taux de TVA applicable(s), avec une ligne distincte par taux<br>\u2022 Base d&rsquo;imposition par taux de TVA<br>\u2022 Montant total de la TVA due<br>\u2022 Montant total Toutes Taxes Comprises (TTC)<\/td><\/tr><tr><td>Mentions Sp\u00e9cifiques<\/td><td>\u2022 Mention d&rsquo;exon\u00e9ration de TVA (avec r\u00e9f\u00e9rence \u00e0 la disposition l\u00e9gale)<br>\u2022 Mention \u00ab\u00a0Autoliquidation\u00a0\u00bb lorsque la taxe est due par le preneur<\/td><\/tr><\/tbody><\/table><\/figure>\n\n\n\n<p>Tableau Comparatif des Diff\u00e9rences Sp\u00e9cifiques<\/p>\n\n\n\n<p>Les divergences les plus importantes se situent au niveau des mentions additionnelles, des conditions de paiement et des informations sectorielles. Le tableau suivant d\u00e9taille ces diff\u00e9rences cl\u00e9s.<\/p>\n\n\n\n<figure class=\"wp-block-table\"><table class=\"has-fixed-layout\"><thead><tr><td>Aspect<\/td><td>France<\/td><td>Belgique<\/td><\/tr><\/thead><tbody><tr><td>Identification Nationale<\/td><td>Num\u00e9ro SIREN\/SIRET du fournisseur obligatoire. Le SIREN du client deviendra obligatoire d\u00e8s septembre 2026.<\/td><td>Pas de mention \u00e9quivalente requise. L&rsquo;identification repose sur le nom, l&rsquo;adresse et le num\u00e9ro de TVA.<\/td><\/tr><tr><td>Conditions de Paiement<\/td><td>Tr\u00e8s d\u00e9taill\u00e9es et obligatoires :<br>\u2022 Date ou d\u00e9lai de paiement<br>\u2022 Taux des p\u00e9nalit\u00e9s de retard<br>\u2022 Mention de l&rsquo;indemnit\u00e9 forfaitaire de 40 \u20ac pour frais de recouvrement.<\/td><td>Non sp\u00e9cifi\u00e9es comme des mentions obligatoires sur la facture elle-m\u00eame. Elles rel\u00e8vent davantage du droit commercial g\u00e9n\u00e9ral.<\/td><\/tr><tr><td>Informations sur les V\u00e9hicules<\/td><td>Aucune mention sp\u00e9cifique requise dans le cadre g\u00e9n\u00e9ral.<\/td><td>Informations tr\u00e8s d\u00e9taill\u00e9es et obligatoires pour les v\u00e9hicules \u00e0 moteur :<br>\u2022 Marque, mod\u00e8le, cylindr\u00e9e, puissance<br>\u2022 Num\u00e9ro de ch\u00e2ssis<br>\u2022 Date de 1\u00e8re mise en circulation (occasion)<br>\u2022 Plaque d&rsquo;immatriculation (pour les travaux)<\/td><\/tr><tr><td>Bon de Commande<\/td><td>Mention du num\u00e9ro de bon de commande obligatoire s&rsquo;il a \u00e9t\u00e9 pr\u00e9alablement \u00e9mis par l&rsquo;acheteur.<\/td><td>Non sp\u00e9cifi\u00e9 comme une mention obligatoire sur la facture.<\/td><\/tr><tr><td>Mentions de R\u00e9gimes Particuliers<\/td><td>Mention \u00ab\u00a0TVA non applicable, art. 293 B du CGI\u00a0\u00bb pour les micro-entrepreneurs.<\/td><td>Mentions sp\u00e9cifiques et standardis\u00e9es pour :<br>\u2022 \u00ab\u00a0Autofacturation\u00a0\u00bb<br>\u2022 \u00ab\u00a0R\u00e9gime particulier &#8211; Agences de voyages\u00a0\u00bb<br>\u2022 \u00ab\u00a0R\u00e9gime particulier &#8211; Biens d&rsquo;occasion\u00a0\u00bb<\/td><\/tr><tr><td>Repr\u00e9sentant Fiscal<\/td><td>Non requis comme mention sur la facture.<\/td><td>L&rsquo;identit\u00e9 et l&rsquo;adresse du repr\u00e9sentant responsable doivent \u00eatre mentionn\u00e9es si le fournisseur ou le client n&rsquo;est pas \u00e9tabli en Belgique.<\/td><\/tr><tr><td>\u00c9volutions \u00e0 Venir<\/td><td>R\u00e9forme de 2026 avec 4 nouvelles mentions obligatoires :<br>1. SIREN du client<br>2. Adresse de livraison (si diff\u00e9rente)<br>3. Cat\u00e9gorie de l&rsquo;op\u00e9ration (biens\/services\/mixte)<br>4. Option pour le paiement sur les d\u00e9bits.<\/td><td>Pas de nouvelles mentions majeures annonc\u00e9es dans les documents fournis (l\u00e9gislation applicable au 01\/01\/2025).<\/td><\/tr><tr><td>Formats \u00c9lectroniques<\/td><td>Factur-X, UBL, CII.<\/td><td>UBL et Peppol BIS.<\/td><\/tr><\/tbody><\/table><\/figure>\n\n\n\n<p class=\"has-black-color has-text-color has-link-color wp-elements-fadcd20662444abae9f1c37d75be70ed\"><strong>Conclusion<\/strong><\/p>\n\n\n\n<p>Si le c\u0153ur des obligations de facturation est similaire entre la France et la Belgique, la conformit\u00e9 r\u00e9side dans les d\u00e9tails.<\/p>\n\n\n\n<ul class=\"wp-block-list\">\n<li>Pour la France, une attention particuli\u00e8re doit \u00eatre port\u00e9e \u00e0 l&rsquo;exhaustivit\u00e9 des conditions de paiement et \u00e0 l&rsquo;int\u00e9gration future des nouvelles mentions de 2026 (notamment le SIREN du client).<\/li>\n\n\n\n<li>Pour la Belgique, la rigueur est de mise sur les mentions sp\u00e9cifiques aux r\u00e9gimes (autofacturation, agences de voyages, etc.) et sur les informations tr\u00e8s d\u00e9taill\u00e9es requises pour les op\u00e9rations li\u00e9es aux v\u00e9hicules.<\/li>\n<\/ul>\n\n\n\n<p class=\"has-black-color has-text-color has-link-color wp-elements-c4bb366c7a386441c34d9e8401cf0c8b\">Les entreprises doivent donc configurer leurs syst\u00e8mes de facturation pour g\u00e9rer ces variations et garantir une conformit\u00e9 sans faille dans les deux pays.<\/p>\n","protected":false},"excerpt":{"rendered":"<p>D\u00e9couvrez-en plus sur les diff\u00e9rentes obligations l\u00e9gales par pays.Soyez pr\u00eat avant les r\u00e9formes qui vous concernent ! FRANCE \ud83c\uddeb\ud83c\uddf7 1\u1d49\u02b3\u00a0septembre 2026\u00a0: r\u00e9ception obligatoire pour\u00a0toutes les entreprises 1\u1d49\u02b3\u00a0septembre 2026\u00a0: envoi obligatoire pour les\u00a0grandes entreprises et ETI 1\u1d49\u02b3\u00a0septembre 2027\u00a0: envoi obligatoire pour les\u00a0PME et micro-entreprises BELGIQUE \ud83c\udde7\ud83c\uddea 1\u1d49\u02b3\u00a0janvier 2026\u00a0: envoi et r\u00e9ception obligatoires pour\u00a0toutes les entreprises LUXEMBOURG [&hellip;]<\/p>\n","protected":false},"author":3,"featured_media":1601,"comment_status":"closed","ping_status":"open","sticky":false,"template":"","format":"standard","meta":{"_jetpack_memberships_contains_paid_content":false,"footnotes":""},"categories":[21],"tags":[],"class_list":["post-1514","post","type-post","status-publish","format-standard","has-post-thumbnail","hentry","category-reglementation"],"yoast_head":"<!-- This site is optimized with the Yoast SEO plugin v27.5 - https:\/\/yoast.com\/product\/yoast-seo-wordpress\/ -->\n<title>Obligations l\u00e9gales par pays sur la facturation \u00e9lectronique - ABCinvoice.eu<\/title>\n<meta name=\"robots\" content=\"index, follow, max-snippet:-1, max-image-preview:large, max-video-preview:-1\" \/>\n<link rel=\"canonical\" href=\"https:\/\/www.abcinvoice.eu\/fr\/obligations-legales-par-pays-sur-la-facturation-electronique\/\" \/>\n<meta property=\"og:locale\" content=\"fr_FR\" \/>\n<meta property=\"og:type\" content=\"article\" \/>\n<meta property=\"og:title\" content=\"Obligations l\u00e9gales par pays sur la facturation \u00e9lectronique - ABCinvoice.eu\" \/>\n<meta property=\"og:description\" content=\"D\u00e9couvrez-en plus sur les diff\u00e9rentes obligations l\u00e9gales par pays.Soyez pr\u00eat avant les r\u00e9formes qui vous concernent ! FRANCE \ud83c\uddeb\ud83c\uddf7 1\u1d49\u02b3\u00a0septembre 2026\u00a0: r\u00e9ception obligatoire pour\u00a0toutes les entreprises 1\u1d49\u02b3\u00a0septembre 2026\u00a0: envoi obligatoire pour les\u00a0grandes entreprises et ETI 1\u1d49\u02b3\u00a0septembre 2027\u00a0: envoi obligatoire pour les\u00a0PME et micro-entreprises BELGIQUE \ud83c\udde7\ud83c\uddea 1\u1d49\u02b3\u00a0janvier 2026\u00a0: envoi et r\u00e9ception obligatoires pour\u00a0toutes les entreprises LUXEMBOURG [&hellip;]\" \/>\n<meta property=\"og:url\" content=\"https:\/\/www.abcinvoice.eu\/fr\/obligations-legales-par-pays-sur-la-facturation-electronique\/\" \/>\n<meta property=\"og:site_name\" content=\"ABCinvoice.eu\" \/>\n<meta property=\"article:published_time\" content=\"2025-07-17T12:01:07+00:00\" \/>\n<meta property=\"article:modified_time\" content=\"2025-11-23T17:25:37+00:00\" \/>\n<meta property=\"og:image\" content=\"https:\/\/www.abcinvoice.eu\/wp-content\/uploads\/2025\/07\/photo-1608817576203-3c27ed168bd2.jpg\" \/>\n\t<meta property=\"og:image:width\" content=\"1710\" \/>\n\t<meta property=\"og:image:height\" content=\"1000\" \/>\n\t<meta property=\"og:image:type\" content=\"image\/jpeg\" \/>\n<meta name=\"author\" content=\"ABCinvoice\" \/>\n<meta name=\"twitter:card\" content=\"summary_large_image\" \/>\n<meta name=\"twitter:label1\" content=\"\u00c9crit par\" \/>\n\t<meta name=\"twitter:data1\" content=\"ABCinvoice\" \/>\n\t<meta name=\"twitter:label2\" content=\"Dur\u00e9e de lecture estim\u00e9e\" \/>\n\t<meta name=\"twitter:data2\" content=\"4 minutes\" \/>\n<script type=\"application\/ld+json\" class=\"yoast-schema-graph\">{\"@context\":\"https:\\\/\\\/schema.org\",\"@graph\":[{\"@type\":\"Article\",\"@id\":\"https:\\\/\\\/www.abcinvoice.eu\\\/fr\\\/obligations-legales-par-pays-sur-la-facturation-electronique\\\/#article\",\"isPartOf\":{\"@id\":\"https:\\\/\\\/www.abcinvoice.eu\\\/fr\\\/obligations-legales-par-pays-sur-la-facturation-electronique\\\/\"},\"author\":{\"name\":\"ABCinvoice\",\"@id\":\"https:\\\/\\\/www.abcinvoice.eu\\\/fr\\\/#\\\/schema\\\/person\\\/1d28d943cfad638d2444954753dcc667\"},\"headline\":\"Obligations l\u00e9gales par pays sur la facturation \u00e9lectronique\",\"datePublished\":\"2025-07-17T12:01:07+00:00\",\"dateModified\":\"2025-11-23T17:25:37+00:00\",\"mainEntityOfPage\":{\"@id\":\"https:\\\/\\\/www.abcinvoice.eu\\\/fr\\\/obligations-legales-par-pays-sur-la-facturation-electronique\\\/\"},\"wordCount\":795,\"publisher\":{\"@id\":\"https:\\\/\\\/www.abcinvoice.eu\\\/fr\\\/#organization\"},\"image\":{\"@id\":\"https:\\\/\\\/www.abcinvoice.eu\\\/fr\\\/obligations-legales-par-pays-sur-la-facturation-electronique\\\/#primaryimage\"},\"thumbnailUrl\":\"https:\\\/\\\/www.abcinvoice.eu\\\/wp-content\\\/uploads\\\/2025\\\/07\\\/photo-1608817576203-3c27ed168bd2.jpg\",\"articleSection\":[\"R\u00e8glementation\"],\"inLanguage\":\"fr-FR\"},{\"@type\":\"WebPage\",\"@id\":\"https:\\\/\\\/www.abcinvoice.eu\\\/fr\\\/obligations-legales-par-pays-sur-la-facturation-electronique\\\/\",\"url\":\"https:\\\/\\\/www.abcinvoice.eu\\\/fr\\\/obligations-legales-par-pays-sur-la-facturation-electronique\\\/\",\"name\":\"Obligations l\u00e9gales par pays sur la facturation \u00e9lectronique - ABCinvoice.eu\",\"isPartOf\":{\"@id\":\"https:\\\/\\\/www.abcinvoice.eu\\\/fr\\\/#website\"},\"primaryImageOfPage\":{\"@id\":\"https:\\\/\\\/www.abcinvoice.eu\\\/fr\\\/obligations-legales-par-pays-sur-la-facturation-electronique\\\/#primaryimage\"},\"image\":{\"@id\":\"https:\\\/\\\/www.abcinvoice.eu\\\/fr\\\/obligations-legales-par-pays-sur-la-facturation-electronique\\\/#primaryimage\"},\"thumbnailUrl\":\"https:\\\/\\\/www.abcinvoice.eu\\\/wp-content\\\/uploads\\\/2025\\\/07\\\/photo-1608817576203-3c27ed168bd2.jpg\",\"datePublished\":\"2025-07-17T12:01:07+00:00\",\"dateModified\":\"2025-11-23T17:25:37+00:00\",\"breadcrumb\":{\"@id\":\"https:\\\/\\\/www.abcinvoice.eu\\\/fr\\\/obligations-legales-par-pays-sur-la-facturation-electronique\\\/#breadcrumb\"},\"inLanguage\":\"fr-FR\",\"potentialAction\":[{\"@type\":\"ReadAction\",\"target\":[\"https:\\\/\\\/www.abcinvoice.eu\\\/fr\\\/obligations-legales-par-pays-sur-la-facturation-electronique\\\/\"]}]},{\"@type\":\"ImageObject\",\"inLanguage\":\"fr-FR\",\"@id\":\"https:\\\/\\\/www.abcinvoice.eu\\\/fr\\\/obligations-legales-par-pays-sur-la-facturation-electronique\\\/#primaryimage\",\"url\":\"https:\\\/\\\/www.abcinvoice.eu\\\/wp-content\\\/uploads\\\/2025\\\/07\\\/photo-1608817576203-3c27ed168bd2.jpg\",\"contentUrl\":\"https:\\\/\\\/www.abcinvoice.eu\\\/wp-content\\\/uploads\\\/2025\\\/07\\\/photo-1608817576203-3c27ed168bd2.jpg\",\"width\":1710,\"height\":1000},{\"@type\":\"BreadcrumbList\",\"@id\":\"https:\\\/\\\/www.abcinvoice.eu\\\/fr\\\/obligations-legales-par-pays-sur-la-facturation-electronique\\\/#breadcrumb\",\"itemListElement\":[{\"@type\":\"ListItem\",\"position\":1,\"name\":\"Accueil\",\"item\":\"https:\\\/\\\/www.abcinvoice.eu\\\/fr\\\/\"},{\"@type\":\"ListItem\",\"position\":2,\"name\":\"Obligations l\u00e9gales par pays sur la facturation \u00e9lectronique\"}]},{\"@type\":\"WebSite\",\"@id\":\"https:\\\/\\\/www.abcinvoice.eu\\\/fr\\\/#website\",\"url\":\"https:\\\/\\\/www.abcinvoice.eu\\\/fr\\\/\",\"name\":\"ABCinvoice.eu\",\"description\":\"La facturation \u00e9lectronique facile\",\"publisher\":{\"@id\":\"https:\\\/\\\/www.abcinvoice.eu\\\/fr\\\/#organization\"},\"potentialAction\":[{\"@type\":\"SearchAction\",\"target\":{\"@type\":\"EntryPoint\",\"urlTemplate\":\"https:\\\/\\\/www.abcinvoice.eu\\\/fr\\\/?s={search_term_string}\"},\"query-input\":{\"@type\":\"PropertyValueSpecification\",\"valueRequired\":true,\"valueName\":\"search_term_string\"}}],\"inLanguage\":\"fr-FR\"},{\"@type\":\"Organization\",\"@id\":\"https:\\\/\\\/www.abcinvoice.eu\\\/fr\\\/#organization\",\"name\":\"ABCinvoice.eu\",\"url\":\"https:\\\/\\\/www.abcinvoice.eu\\\/fr\\\/\",\"logo\":{\"@type\":\"ImageObject\",\"inLanguage\":\"fr-FR\",\"@id\":\"https:\\\/\\\/www.abcinvoice.eu\\\/fr\\\/#\\\/schema\\\/logo\\\/image\\\/\",\"url\":\"https:\\\/\\\/www.abcinvoice.eu\\\/wp-content\\\/uploads\\\/2025\\\/06\\\/Fichier-101@2x.png\",\"contentUrl\":\"https:\\\/\\\/www.abcinvoice.eu\\\/wp-content\\\/uploads\\\/2025\\\/06\\\/Fichier-101@2x.png\",\"width\":1234,\"height\":155,\"caption\":\"ABCinvoice.eu\"},\"image\":{\"@id\":\"https:\\\/\\\/www.abcinvoice.eu\\\/fr\\\/#\\\/schema\\\/logo\\\/image\\\/\"}},{\"@type\":\"Person\",\"@id\":\"https:\\\/\\\/www.abcinvoice.eu\\\/fr\\\/#\\\/schema\\\/person\\\/1d28d943cfad638d2444954753dcc667\",\"name\":\"ABCinvoice\",\"image\":{\"@type\":\"ImageObject\",\"inLanguage\":\"fr-FR\",\"@id\":\"https:\\\/\\\/secure.gravatar.com\\\/avatar\\\/2496994647e21e955bac5cb71b6f1dd11a324ce75f23cad98e63784a7240b337?s=96&d=mm&r=g\",\"url\":\"https:\\\/\\\/secure.gravatar.com\\\/avatar\\\/2496994647e21e955bac5cb71b6f1dd11a324ce75f23cad98e63784a7240b337?s=96&d=mm&r=g\",\"contentUrl\":\"https:\\\/\\\/secure.gravatar.com\\\/avatar\\\/2496994647e21e955bac5cb71b6f1dd11a324ce75f23cad98e63784a7240b337?s=96&d=mm&r=g\",\"caption\":\"ABCinvoice\"},\"url\":\"https:\\\/\\\/www.abcinvoice.eu\\\/fr\\\/author\\\/aurelie\\\/\"}]}<\/script>\n<!-- \/ Yoast SEO plugin. -->","yoast_head_json":{"title":"Obligations l\u00e9gales par pays sur la facturation \u00e9lectronique - ABCinvoice.eu","robots":{"index":"index","follow":"follow","max-snippet":"max-snippet:-1","max-image-preview":"max-image-preview:large","max-video-preview":"max-video-preview:-1"},"canonical":"https:\/\/www.abcinvoice.eu\/fr\/obligations-legales-par-pays-sur-la-facturation-electronique\/","og_locale":"fr_FR","og_type":"article","og_title":"Obligations l\u00e9gales par pays sur la facturation \u00e9lectronique - ABCinvoice.eu","og_description":"D\u00e9couvrez-en plus sur les diff\u00e9rentes obligations l\u00e9gales par pays.Soyez pr\u00eat avant les r\u00e9formes qui vous concernent ! FRANCE \ud83c\uddeb\ud83c\uddf7 1\u1d49\u02b3\u00a0septembre 2026\u00a0: r\u00e9ception obligatoire pour\u00a0toutes les entreprises 1\u1d49\u02b3\u00a0septembre 2026\u00a0: envoi obligatoire pour les\u00a0grandes entreprises et ETI 1\u1d49\u02b3\u00a0septembre 2027\u00a0: envoi obligatoire pour les\u00a0PME et micro-entreprises BELGIQUE \ud83c\udde7\ud83c\uddea 1\u1d49\u02b3\u00a0janvier 2026\u00a0: envoi et r\u00e9ception obligatoires pour\u00a0toutes les entreprises LUXEMBOURG [&hellip;]","og_url":"https:\/\/www.abcinvoice.eu\/fr\/obligations-legales-par-pays-sur-la-facturation-electronique\/","og_site_name":"ABCinvoice.eu","article_published_time":"2025-07-17T12:01:07+00:00","article_modified_time":"2025-11-23T17:25:37+00:00","og_image":[{"width":1710,"height":1000,"url":"https:\/\/www.abcinvoice.eu\/wp-content\/uploads\/2025\/07\/photo-1608817576203-3c27ed168bd2.jpg","type":"image\/jpeg"}],"author":"ABCinvoice","twitter_card":"summary_large_image","twitter_misc":{"\u00c9crit par":"ABCinvoice","Dur\u00e9e de lecture estim\u00e9e":"4 minutes"},"schema":{"@context":"https:\/\/schema.org","@graph":[{"@type":"Article","@id":"https:\/\/www.abcinvoice.eu\/fr\/obligations-legales-par-pays-sur-la-facturation-electronique\/#article","isPartOf":{"@id":"https:\/\/www.abcinvoice.eu\/fr\/obligations-legales-par-pays-sur-la-facturation-electronique\/"},"author":{"name":"ABCinvoice","@id":"https:\/\/www.abcinvoice.eu\/fr\/#\/schema\/person\/1d28d943cfad638d2444954753dcc667"},"headline":"Obligations l\u00e9gales par pays sur la facturation \u00e9lectronique","datePublished":"2025-07-17T12:01:07+00:00","dateModified":"2025-11-23T17:25:37+00:00","mainEntityOfPage":{"@id":"https:\/\/www.abcinvoice.eu\/fr\/obligations-legales-par-pays-sur-la-facturation-electronique\/"},"wordCount":795,"publisher":{"@id":"https:\/\/www.abcinvoice.eu\/fr\/#organization"},"image":{"@id":"https:\/\/www.abcinvoice.eu\/fr\/obligations-legales-par-pays-sur-la-facturation-electronique\/#primaryimage"},"thumbnailUrl":"https:\/\/www.abcinvoice.eu\/wp-content\/uploads\/2025\/07\/photo-1608817576203-3c27ed168bd2.jpg","articleSection":["R\u00e8glementation"],"inLanguage":"fr-FR"},{"@type":"WebPage","@id":"https:\/\/www.abcinvoice.eu\/fr\/obligations-legales-par-pays-sur-la-facturation-electronique\/","url":"https:\/\/www.abcinvoice.eu\/fr\/obligations-legales-par-pays-sur-la-facturation-electronique\/","name":"Obligations l\u00e9gales par pays sur la facturation \u00e9lectronique - ABCinvoice.eu","isPartOf":{"@id":"https:\/\/www.abcinvoice.eu\/fr\/#website"},"primaryImageOfPage":{"@id":"https:\/\/www.abcinvoice.eu\/fr\/obligations-legales-par-pays-sur-la-facturation-electronique\/#primaryimage"},"image":{"@id":"https:\/\/www.abcinvoice.eu\/fr\/obligations-legales-par-pays-sur-la-facturation-electronique\/#primaryimage"},"thumbnailUrl":"https:\/\/www.abcinvoice.eu\/wp-content\/uploads\/2025\/07\/photo-1608817576203-3c27ed168bd2.jpg","datePublished":"2025-07-17T12:01:07+00:00","dateModified":"2025-11-23T17:25:37+00:00","breadcrumb":{"@id":"https:\/\/www.abcinvoice.eu\/fr\/obligations-legales-par-pays-sur-la-facturation-electronique\/#breadcrumb"},"inLanguage":"fr-FR","potentialAction":[{"@type":"ReadAction","target":["https:\/\/www.abcinvoice.eu\/fr\/obligations-legales-par-pays-sur-la-facturation-electronique\/"]}]},{"@type":"ImageObject","inLanguage":"fr-FR","@id":"https:\/\/www.abcinvoice.eu\/fr\/obligations-legales-par-pays-sur-la-facturation-electronique\/#primaryimage","url":"https:\/\/www.abcinvoice.eu\/wp-content\/uploads\/2025\/07\/photo-1608817576203-3c27ed168bd2.jpg","contentUrl":"https:\/\/www.abcinvoice.eu\/wp-content\/uploads\/2025\/07\/photo-1608817576203-3c27ed168bd2.jpg","width":1710,"height":1000},{"@type":"BreadcrumbList","@id":"https:\/\/www.abcinvoice.eu\/fr\/obligations-legales-par-pays-sur-la-facturation-electronique\/#breadcrumb","itemListElement":[{"@type":"ListItem","position":1,"name":"Accueil","item":"https:\/\/www.abcinvoice.eu\/fr\/"},{"@type":"ListItem","position":2,"name":"Obligations l\u00e9gales par pays sur la facturation \u00e9lectronique"}]},{"@type":"WebSite","@id":"https:\/\/www.abcinvoice.eu\/fr\/#website","url":"https:\/\/www.abcinvoice.eu\/fr\/","name":"ABCinvoice.eu","description":"La facturation \u00e9lectronique facile","publisher":{"@id":"https:\/\/www.abcinvoice.eu\/fr\/#organization"},"potentialAction":[{"@type":"SearchAction","target":{"@type":"EntryPoint","urlTemplate":"https:\/\/www.abcinvoice.eu\/fr\/?s={search_term_string}"},"query-input":{"@type":"PropertyValueSpecification","valueRequired":true,"valueName":"search_term_string"}}],"inLanguage":"fr-FR"},{"@type":"Organization","@id":"https:\/\/www.abcinvoice.eu\/fr\/#organization","name":"ABCinvoice.eu","url":"https:\/\/www.abcinvoice.eu\/fr\/","logo":{"@type":"ImageObject","inLanguage":"fr-FR","@id":"https:\/\/www.abcinvoice.eu\/fr\/#\/schema\/logo\/image\/","url":"https:\/\/www.abcinvoice.eu\/wp-content\/uploads\/2025\/06\/Fichier-101@2x.png","contentUrl":"https:\/\/www.abcinvoice.eu\/wp-content\/uploads\/2025\/06\/Fichier-101@2x.png","width":1234,"height":155,"caption":"ABCinvoice.eu"},"image":{"@id":"https:\/\/www.abcinvoice.eu\/fr\/#\/schema\/logo\/image\/"}},{"@type":"Person","@id":"https:\/\/www.abcinvoice.eu\/fr\/#\/schema\/person\/1d28d943cfad638d2444954753dcc667","name":"ABCinvoice","image":{"@type":"ImageObject","inLanguage":"fr-FR","@id":"https:\/\/secure.gravatar.com\/avatar\/2496994647e21e955bac5cb71b6f1dd11a324ce75f23cad98e63784a7240b337?s=96&d=mm&r=g","url":"https:\/\/secure.gravatar.com\/avatar\/2496994647e21e955bac5cb71b6f1dd11a324ce75f23cad98e63784a7240b337?s=96&d=mm&r=g","contentUrl":"https:\/\/secure.gravatar.com\/avatar\/2496994647e21e955bac5cb71b6f1dd11a324ce75f23cad98e63784a7240b337?s=96&d=mm&r=g","caption":"ABCinvoice"},"url":"https:\/\/www.abcinvoice.eu\/fr\/author\/aurelie\/"}]}},"jetpack_featured_media_url":"https:\/\/www.abcinvoice.eu\/wp-content\/uploads\/2025\/07\/photo-1608817576203-3c27ed168bd2.jpg","jetpack_sharing_enabled":true,"_links":{"self":[{"href":"https:\/\/www.abcinvoice.eu\/fr\/wp-json\/wp\/v2\/posts\/1514","targetHints":{"allow":["GET"]}}],"collection":[{"href":"https:\/\/www.abcinvoice.eu\/fr\/wp-json\/wp\/v2\/posts"}],"about":[{"href":"https:\/\/www.abcinvoice.eu\/fr\/wp-json\/wp\/v2\/types\/post"}],"author":[{"embeddable":true,"href":"https:\/\/www.abcinvoice.eu\/fr\/wp-json\/wp\/v2\/users\/3"}],"replies":[{"embeddable":true,"href":"https:\/\/www.abcinvoice.eu\/fr\/wp-json\/wp\/v2\/comments?post=1514"}],"version-history":[{"count":15,"href":"https:\/\/www.abcinvoice.eu\/fr\/wp-json\/wp\/v2\/posts\/1514\/revisions"}],"predecessor-version":[{"id":4397,"href":"https:\/\/www.abcinvoice.eu\/fr\/wp-json\/wp\/v2\/posts\/1514\/revisions\/4397"}],"wp:featuredmedia":[{"embeddable":true,"href":"https:\/\/www.abcinvoice.eu\/fr\/wp-json\/wp\/v2\/media\/1601"}],"wp:attachment":[{"href":"https:\/\/www.abcinvoice.eu\/fr\/wp-json\/wp\/v2\/media?parent=1514"}],"wp:term":[{"taxonomy":"category","embeddable":true,"href":"https:\/\/www.abcinvoice.eu\/fr\/wp-json\/wp\/v2\/categories?post=1514"},{"taxonomy":"post_tag","embeddable":true,"href":"https:\/\/www.abcinvoice.eu\/fr\/wp-json\/wp\/v2\/tags?post=1514"}],"curies":[{"name":"wp","href":"https:\/\/api.w.org\/{rel}","templated":true}]}}